{"id":531290,"date":"2025-11-13T12:20:12","date_gmt":"2025-11-13T12:20:12","guid":{"rendered":"https:\/\/www.europesays.com\/fr\/531290\/"},"modified":"2025-11-13T12:20:12","modified_gmt":"2025-11-13T12:20:12","slug":"rouen-la-police-lance-un-appel-a-temoins-pour-retrouver-une-adolescente-disparue","status":"publish","type":"post","link":"https:\/\/www.europesays.com\/fr\/531290\/","title":{"rendered":"Rouen. La police lance un appel \u00e0 t\u00e9moins pour retrouver une adolescente disparue"},"content":{"rendered":"<p melodystyle=\"texte\">Elle est port\u00e9e disparue depuis le 7 novembre 2025 \u00e0 Rouen.\u00a0<\/p>\n<p melodystyle=\"texte\">Une disparition jug\u00e9e inqui\u00e9tante par la police nationale qui lance un appel \u00e0 t\u00e9moins pour tenter de retrouver Malvina Foissotte, 16 ans. Elle aurait \u00e9t\u00e9 vue \u00e0 plusieurs reprises dans le quartier Saint-Sever, pr\u00e9cise la police.\u00a0<\/p>\n<blockquote class=\"twitter-tweet\"><p>&#13;<\/p>\n<p melodystyle=\"texte\"><a href=\"https:\/\/twitter.com\/hashtag\/AppelAT%C3%A9moins?src=hash&amp;ref_src=twsrc%5Etfw\" rel=\"nofollow noopener\" target=\"_blank\">#AppelAT\u00e9moins<\/a> | Aidez nos enqu\u00eateurs \u00e0 retrouver Malvina disparue depuis le 7 novembre. Elle a \u00e9t\u00e9 vue \u00e0 plusieurs reprises dans le quartier de Saint-Sever <a href=\"https:\/\/twitter.com\/hashtag\/Rouen?src=hash&amp;ref_src=twsrc%5Etfw\" rel=\"nofollow noopener\" target=\"_blank\">#Rouen<\/a>. <a href=\"https:\/\/t.co\/v9AXc4gsS8\" rel=\"nofollow\">pic.twitter.com\/v9AXc4gsS8<\/a><\/p>\n<p>&#13;<br \/>\n\u2014 Police nationale 76 (@PoliceNat76) <a href=\"https:\/\/twitter.com\/PoliceNat76\/status\/1988919894620905899?ref_src=twsrc%5Etfw\" rel=\"nofollow noopener\" target=\"_blank\">November 13, 2025<\/a><\/p><\/blockquote>\n<p melodystyle=\"texte\">Elle a les cheveux longs et bruns, les yeux verts, mesure 1m63 et porterait un d\u00e9bardeur noir et un\u00a0ensemble veste et pantalon bleus.\u00a0<\/p>\n<p melodystyle=\"texte\">En cas d&rsquo;informations, contactez l&rsquo;h\u00f4tel de police de Rouen au 02 32 81 25 00.<\/p>\n<p> \t\t\t\t\t\t<script async src=\"https:\/\/platform.twitter.com\/widgets.js\" charset=\"utf-8\"><\/script><\/p>\n","protected":false},"excerpt":{"rendered":"Elle est port\u00e9e disparue depuis le 7 novembre 2025 \u00e0 Rouen.\u00a0 Une disparition jug\u00e9e inqui\u00e9tante par la police&hellip;\n","protected":false},"author":2,"featured_media":531291,"comment_status":"","ping_status":"","sticky":false,"template":"","format":"standard","meta":{"footnotes":""},"categories":[9587],"tags":[1111,11,1777,674,1011,27,12,5161,25,9590],"class_list":{"0":"post-531290","1":"post","2":"type-post","3":"status-publish","4":"format-standard","5":"has-post-thumbnail","7":"category-rouen","8":"tag-actu","9":"tag-actualites","10":"tag-eu","11":"tag-europe","12":"tag-fr","13":"tag-france","14":"tag-news","15":"tag-normandie","16":"tag-republique-francaise","17":"tag-rouen"},"share_on_mastodon":{"url":"https:\/\/pubeurope.com\/@fr\/115542361754364339","error":""},"_links":{"self":[{"href":"https:\/\/www.europesays.com\/fr\/wp-json\/wp\/v2\/posts\/531290","targetHints":{"allow":["GET"]}}],"collection":[{"href":"https:\/\/www.europesays.com\/fr\/wp-json\/wp\/v2\/posts"}],"about":[{"href":"https:\/\/www.europesays.com\/fr\/wp-json\/wp\/v2\/types\/post"}],"author":[{"embeddable":true,"href":"https:\/\/www.europesays.com\/fr\/wp-json\/wp\/v2\/users\/2"}],"replies":[{"embeddable":true,"href":"https:\/\/www.europesays.com\/fr\/wp-json\/wp\/v2\/comments?post=531290"}],"version-history":[{"count":0,"href":"https:\/\/www.europesays.com\/fr\/wp-json\/wp\/v2\/posts\/531290\/revisions"}],"wp:featuredmedia":[{"embeddable":true,"href":"https:\/\/www.europesays.com\/fr\/wp-json\/wp\/v2\/media\/531291"}],"wp:attachment":[{"href":"https:\/\/www.europesays.com\/fr\/wp-json\/wp\/v2\/media?parent=531290"}],"wp:term":[{"taxonomy":"category","embeddable":true,"href":"https:\/\/www.europesays.com\/fr\/wp-json\/wp\/v2\/categories?post=531290"},{"taxonomy":"post_tag","embeddable":true,"href":"https:\/\/www.europesays.com\/fr\/wp-json\/wp\/v2\/tags?post=531290"}],"curies":[{"name":"wp","href":"https:\/\/api.w.org\/{rel}","templated":true}]}}