{"id":531292,"date":"2025-11-13T12:21:12","date_gmt":"2025-11-13T12:21:12","guid":{"rendered":"https:\/\/www.europesays.com\/fr\/531292\/"},"modified":"2025-11-13T12:21:12","modified_gmt":"2025-11-13T12:21:12","slug":"grenoble-une-grosse-contre-manifestation-annoncee-le-jour-de-larrivee-de-shein-aux-anciennes-galeries-lafayette","status":"publish","type":"post","link":"https:\/\/www.europesays.com\/fr\/531292\/","title":{"rendered":"Grenoble. Une grosse contre-manifestation annonc\u00e9e le jour de l\u2019arriv\u00e9e de Shein aux anciennes Galeries Lafayette"},"content":{"rendered":"<p>\u00ab\u00a0Face \u00e0 l\u2019arriv\u00e9e de la marque d\u2019ultra fast fashion Shein, la jeunesse grenobloise dit stop\u00a0\u00bb. C\u2019est avec ce titre de communiqu\u00e9 que les Jeunes \u00c9cologistes, du PCF, de l\u2019Apr\u00e8s, du PS, de G\u00e9n\u00e9ration.s, mais aussi la coordination \u00c9tudiante Grenoble, l\u2019organisation syndicale de Sciences Po Grenoble, Alternatiba, Extinction R\u00e9bellion et R\u00e9sistance \u00e0 l\u2019Agression Publicitaire se sont donn\u00e9 rendez-vous pour le vendredi 21\u00a0novembre \u00e0 18 heures devant l\u2019ancien magasin des Galeries Lafayette, 1 rue F\u00e9lix Poulat \u00e0 Grenoble.<\/p>\n<p>Ce jour devrait \u00eatre celui de l\u2019arriv\u00e9e du corner g\u00e9ant la marque chinoise dans le grand magasin. Magasin qui a perdu son nom de \u00ab\u00a0Galeries Lafayette\u00a0\u00bb, apr\u00e8s la rupture de contrat entre <a href=\"https:\/\/www.ledauphine.com\/economie\/2025\/11\/04\/ce-n-est-pas-une-fermeture-mais-c-est-quand-meme-un-symbole-pourquoi-les-galeries-lafayette-vont-perdre-leur-nom\" target=\"_blank\" rel=\"noopener\">le groupe Les Galeries Lafayette m\u00e8re et le groupe SGM<\/a>. Et qui, depuis ce jeudi, a <a href=\"https:\/\/www.ledauphine.com\/economie\/2025\/11\/13\/les-galeries-lafayette-c-est-fini-l-enseigne-enlevee-ce-matin\" target=\"_blank\" rel=\"noopener\"> perdu son enseigne historique sur sa fa\u00e7ade<\/a>.<\/p>\n<p>  \u00ab\u00a0Derri\u00e8re un tee-shirt \u00e0 quelques euros, il y a des vies bris\u00e9es\u00a0\u00bb<\/p>\n<p>Le communiqu\u00e9 dit\u00a0: \u00ab\u00a0Nous, organisations de jeunesse, syndicats, collectifs et associations grenobloises, refusons cette arriv\u00e9e, au vu du d\u00e9sastre social, \u00e9conomique et environnemental que cette marque repr\u00e9sente. Parce que Shein, c\u2019est l\u2019exploitation. L\u2019exploitation d\u2019ouvriers qui travaillent dans des conditions indignes, l\u2019exploitation d\u2019enfants et d\u2019un peuple entier\u00a0: les Ou\u00efgours. Derri\u00e8re un tee-shirt \u00e0 quelques euros, il y a des vies bris\u00e9es et des droits humains pi\u00e9tin\u00e9s.\u00a0Parce que Shein, c\u2019est un d\u00e9sastre sanitaire et environnemental. Des produits contenant des substances toxiques, des fibres issues du p\u00e9trole, des v\u00eatements jetables qui finissent br\u00fbl\u00e9s ou entass\u00e9s dans des d\u00e9charges.\u00a0Shein repr\u00e9sente la pollution de l\u2019air, des sols et des oc\u00e9ans, des microplastiques qui envahissent le vivant, et une industrie qui d\u00e9truit bien plus qu\u2019elle ne vend.\u00a0\u00bb<\/p>\n<p>Nous avons contact\u00e9 L\u00e9onie Marcoux, cosecr\u00e9taire r\u00e9gionale des Jeunes \u00c9cologistes Rh\u00f4ne-Alpes, pour lui demander si elle s\u2019attendait \u00e0 un gros rassemblement\u00a0: \u00ab\u00a0Ici \u00e0 Grenoble, ici en Is\u00e8re, o\u00f9 cela fait de longues ann\u00e9es que des combats sociaux et \u00e9cologistes sont men\u00e9s, ce genre de manifestation peut f\u00e9d\u00e9rer un peu plus qu\u2019ailleurs. Je ne veux pas m\u2019avancer, mais c\u2019est ce que je sens. On attend beaucoup de monde en tout cas, car l\u2019installation de Shein ne correspond pas \u00e0 notre ville.\u00a0\u00bb<\/p>\n","protected":false},"excerpt":{"rendered":"\u00ab\u00a0Face \u00e0 l\u2019arriv\u00e9e de la marque d\u2019ultra fast fashion Shein, la jeunesse grenobloise dit stop\u00a0\u00bb. C\u2019est avec ce&hellip;\n","protected":false},"author":2,"featured_media":531293,"comment_status":"","ping_status":"","sticky":false,"template":"","format":"standard","meta":{"footnotes":""},"categories":[9566],"tags":[1111,11,2430,4406,130,33,112,1777,674,1795,1011,27,2731,2732,108,12,316,25],"class_list":{"0":"post-531292","1":"post","2":"type-post","3":"status-publish","4":"format-standard","5":"has-post-thumbnail","7":"category-grenoble","8":"tag-actu","9":"tag-actualites","10":"tag-auvergne-rhone-alpes","11":"tag-commerce-et-services","12":"tag-consommation","13":"tag-economie","14":"tag-edition-grenoble-agglomeration","15":"tag-eu","16":"tag-europe","17":"tag-fil-web","18":"tag-fr","19":"tag-france","20":"tag-grenoble","21":"tag-grenoble-bassin","22":"tag-isere","23":"tag-news","24":"tag-politique","25":"tag-republique-francaise"},"share_on_mastodon":{"url":"https:\/\/pubeurope.com\/@fr\/115542365626419691","error":""},"_links":{"self":[{"href":"https:\/\/www.europesays.com\/fr\/wp-json\/wp\/v2\/posts\/531292","targetHints":{"allow":["GET"]}}],"collection":[{"href":"https:\/\/www.europesays.com\/fr\/wp-json\/wp\/v2\/posts"}],"about":[{"href":"https:\/\/www.europesays.com\/fr\/wp-json\/wp\/v2\/types\/post"}],"author":[{"embeddable":true,"href":"https:\/\/www.europesays.com\/fr\/wp-json\/wp\/v2\/users\/2"}],"replies":[{"embeddable":true,"href":"https:\/\/www.europesays.com\/fr\/wp-json\/wp\/v2\/comments?post=531292"}],"version-history":[{"count":0,"href":"https:\/\/www.europesays.com\/fr\/wp-json\/wp\/v2\/posts\/531292\/revisions"}],"wp:featuredmedia":[{"embeddable":true,"href":"https:\/\/www.europesays.com\/fr\/wp-json\/wp\/v2\/media\/531293"}],"wp:attachment":[{"href":"https:\/\/www.europesays.com\/fr\/wp-json\/wp\/v2\/media?parent=531292"}],"wp:term":[{"taxonomy":"category","embeddable":true,"href":"https:\/\/www.europesays.com\/fr\/wp-json\/wp\/v2\/categories?post=531292"},{"taxonomy":"post_tag","embeddable":true,"href":"https:\/\/www.europesays.com\/fr\/wp-json\/wp\/v2\/tags?post=531292"}],"curies":[{"name":"wp","href":"https:\/\/api.w.org\/{rel}","templated":true}]}}