{"id":531299,"date":"2025-11-13T12:25:37","date_gmt":"2025-11-13T12:25:37","guid":{"rendered":"https:\/\/www.europesays.com\/fr\/531299\/"},"modified":"2025-11-13T12:25:37","modified_gmt":"2025-11-13T12:25:37","slug":"le-bus-spot-sante-fait-halte-au-parc-des-sports","status":"publish","type":"post","link":"https:\/\/www.europesays.com\/fr\/531299\/","title":{"rendered":"le bus Spot sant\u00e9 fait halte au Parc des Sports"},"content":{"rendered":"<p>Le bus Spot sant\u00e9 accueillera les habitants de Bischheim et environs le vendredi 14 novembre pour un bilan de sant\u00e9 complet et gratuit\u00a0: mesure de la tension, de la saturation, du poids et de la taille. Ce moment d\u2019\u00e9change permet \u00e9galement de r\u00e9pondre aux questions, donner des conseils personnalis\u00e9s et d\u2019orienter vers les partenaires pr\u00e9sents lors de l\u2019action.<\/p>\n<p>Les visiteurs pourront aussi b\u00e9n\u00e9ficier d\u2019un temps d\u2019\u00e9coute et d\u2019accompagnement sur les questions de sant\u00e9 mentale, assur\u00e9 par l\u2019association Jeff et Lionel Rotolo, coordinateur du <a href=\"https:\/\/www.dna.fr\/sante\/2024\/04\/12\/un-conseil-local-pour-promouvoir-la-sante-mentale\" target=\"_blank\" rel=\"noopener\">conseil local de sant\u00e9 mentale (CLSM) Schiltigheim\/Bischheim<\/a> et infirmier. Objectif\u00a0: accueillir les demandes, reformuler, d\u00e9tecter les besoins et orienter vers les professionnels et dispositifs adapt\u00e9s du territoire.<\/p>\n<p>  Diab\u00e8te, pr\u00e9vention des cancers\u00a0: des partenaires mobilis\u00e9s<\/p>\n<p>Le centre europ\u00e9en d\u2019\u00e9tude du diab\u00e8te (CEED) proposera un d\u00e9pistage du diab\u00e8te. Une di\u00e9t\u00e9ticienne du p\u00f4le APSA (accompagnement pr\u00e9vention sant\u00e9 Alsace) et de la Cosen (communaut\u00e9 professionnelle territoriale de sant\u00e9 Eurom\u00e9tropole Strasbourg Nord) informera sur l\u2019\u00e9quilibre alimentaire, la pr\u00e9vention du surpoids, de l\u2019ob\u00e9sit\u00e9 et du diab\u00e8te, et pourra orienter vers des professionnels de sant\u00e9. Le centre r\u00e9gional de coordination des d\u00e9pistages des cancers (CRCDC) assurera une information sur la pr\u00e9vention des cancers (sein, col de l\u2019ut\u00e9rus, colorectal) et sur l\u2019acc\u00e8s aux droits dans le cadre des campagnes nationales.<\/p>\n<p>La Cosen sera \u00e9galement pr\u00e9sente pour accompagner les habitants dans la recherche d\u2019un m\u00e9decin traitant ou d\u2019un sp\u00e9cialiste, et pour sensibiliser \u00e0 la pr\u00e9vention de l\u2019insuffisance cardiaque et \u00e0 l\u2019hygi\u00e8ne bucco-dentaire.<\/p>\n<p>Le <a href=\"https:\/\/www.dna.fr\/sante\/2024\/07\/09\/un-bus-itinerant-pour-parler-sante-aux-plus-precaires\" target=\"_blank\" rel=\"noopener\">bus Spot sant\u00e9<\/a> est un outil de pr\u00e9vention accessible \u00e0 tous. Il permet de d\u00e9tecter, informer et orienter, mais ne d\u00e9livre pas d\u2019ordonnance ni de diagnostic m\u00e9dical. L\u2019occasion de prendre soin de sa sant\u00e9, d\u2019\u00e9changer avec des professionnels et de trouver des r\u00e9ponses adapt\u00e9es \u00e0 ses besoins.<\/p>\n<p class=\"note\">Vendredi 14\u00a0novembre, de 9\u00a0h\u00a030 \u00e0 11\u00a0h\u00a030 au Parc des Sports, all\u00e9e Blaise-Pascal \u00e0 Bischheim.<\/p>\n","protected":false},"excerpt":{"rendered":"Le bus Spot sant\u00e9 accueillera les habitants de Bischheim et environs le vendredi 14 novembre pour un bilan&hellip;\n","protected":false},"author":2,"featured_media":531300,"comment_status":"","ping_status":"","sticky":false,"template":"","format":"standard","meta":{"footnotes":""},"categories":[2820],"tags":[1111,11,13205,2880,1777,674,107,1011,27,775,12,25,71,104,640,3265],"class_list":{"0":"post-531299","1":"post","2":"type-post","3":"status-publish","4":"format-standard","5":"has-post-thumbnail","7":"category-strasbourg","8":"tag-actu","9":"tag-actualites","10":"tag-bischheim","11":"tag-edition-strasbourg","12":"tag-eu","13":"tag-europe","14":"tag-fil-info","15":"tag-fr","16":"tag-france","17":"tag-grand-est","18":"tag-news","19":"tag-republique-francaise","20":"tag-sante","21":"tag-societe","22":"tag-strasbourg","23":"tag-strasbourg-nord"},"share_on_mastodon":{"url":"https:\/\/pubeurope.com\/@fr\/115542381431635153","error":""},"_links":{"self":[{"href":"https:\/\/www.europesays.com\/fr\/wp-json\/wp\/v2\/posts\/531299","targetHints":{"allow":["GET"]}}],"collection":[{"href":"https:\/\/www.europesays.com\/fr\/wp-json\/wp\/v2\/posts"}],"about":[{"href":"https:\/\/www.europesays.com\/fr\/wp-json\/wp\/v2\/types\/post"}],"author":[{"embeddable":true,"href":"https:\/\/www.europesays.com\/fr\/wp-json\/wp\/v2\/users\/2"}],"replies":[{"embeddable":true,"href":"https:\/\/www.europesays.com\/fr\/wp-json\/wp\/v2\/comments?post=531299"}],"version-history":[{"count":0,"href":"https:\/\/www.europesays.com\/fr\/wp-json\/wp\/v2\/posts\/531299\/revisions"}],"wp:featuredmedia":[{"embeddable":true,"href":"https:\/\/www.europesays.com\/fr\/wp-json\/wp\/v2\/media\/531300"}],"wp:attachment":[{"href":"https:\/\/www.europesays.com\/fr\/wp-json\/wp\/v2\/media?parent=531299"}],"wp:term":[{"taxonomy":"category","embeddable":true,"href":"https:\/\/www.europesays.com\/fr\/wp-json\/wp\/v2\/categories?post=531299"},{"taxonomy":"post_tag","embeddable":true,"href":"https:\/\/www.europesays.com\/fr\/wp-json\/wp\/v2\/tags?post=531299"}],"curies":[{"name":"wp","href":"https:\/\/api.w.org\/{rel}","templated":true}]}}