{"id":531303,"date":"2025-11-13T12:27:23","date_gmt":"2025-11-13T12:27:23","guid":{"rendered":"https:\/\/www.europesays.com\/fr\/531303\/"},"modified":"2025-11-13T12:27:23","modified_gmt":"2025-11-13T12:27:23","slug":"villeneuve-loubet-emerige-mediterranee-livre-la-residence-les-terrasses-du","status":"publish","type":"post","link":"https:\/\/www.europesays.com\/fr\/531303\/","title":{"rendered":"Villeneuve-Loubet : Emerige M\u00e9diterran\u00e9e livre la r\u00e9sidence Les Terrasses du (\u2026)"},"content":{"rendered":"<p>                    <img loading=\"lazy\" decoding=\"async\" src=\"https:\/\/www.europesays.com\/fr\/wp-content\/uploads\/2025\/11\/98623bdae3a63d4046c5b78c5d87c5.jpg\" class=\"img-responsive post-image\" width=\"680\" height=\"510\" alt=\"Villeneuve-Loubet : (\u2026)\" title=\"Villeneuve-Loubet : Emerige M\u00e9diterran\u00e9e livre la r\u00e9sidence Les Terrasses du Parc \"\/><\/p>\n<p class=\"chapo\">Emerige M\u00e9diterran\u00e9e a inaugur\u00e9 la r\u00e9sidence Les Terrasses du Parc \u00e0 Villeneuve-Loubet, son troisi\u00e8me programme sur la C\u00f4te d\u2019Azur. Situ\u00e9 entre le parc de Vaugrenier et la M\u00e9diterran\u00e9e, le projet a \u00e9t\u00e9 con\u00e7u par l\u2019architecte Jean-Paul Gomis (Gomis Architecture) et associe \u00e9criture contemporaine, int\u00e9gration paysag\u00e8re et ouverture \u00e0 l\u2019art contemporain.<\/p>\n<p>Ancien site industriel r\u00e9habilit\u00e9, le terrain accueille d\u00e9sormais 1 600 m\u00b2 d\u2019espaces verts et 48 arbres (oliviers, micocouliers, camphriers et magnolias) formant un c\u0153ur v\u00e9g\u00e9tal. La r\u00e9sidence comprend 52 logements, du T2 au T4, pour la plupart \u00e0 double orientation et dot\u00e9s de larges terrasses, dont certaines atteignent 43 m\u00b2. Les parties communes ont \u00e9galement \u00e9t\u00e9 d\u00e9cor\u00e9es par Gomis Architecture.<br class=\"texte\"\/><br \/>\nLe programme s\u2019inscrit dans une d\u00e9marche de d\u00e9veloppement territorial, avec la participation d\u2019acteurs institutionnels du logement.<strong> In\u2019li a acquis 36 logements destin\u00e9s au logement interm\u00e9diaire, tandis qu\u2019Unicil g\u00e8re 16 logements sociaux, dont 11 PLUS et 5 PLAI.<\/strong><\/p>\n<p><strong>Alexandre Ebel<\/strong>, directeur g\u00e9n\u00e9ral d\u2019Emerige M\u00e9diterran\u00e9e, souligne\u00a0: \u00ab\u00a0Avec Les Terrasses du Parc, nous signons un projet qui refl\u00e8te notre vision de l\u2019habitat m\u00e9diterran\u00e9en\u00a0: une architecture contemporaine sobre, ouverte sur la nature et tourn\u00e9e vers le bien-\u00eatre des usagers. En collaboration avec la Ville de Villeneuve-Loubet et nos partenaires In\u2019li et Unicil, nous avons transform\u00e9 un site anciennement industriel en un lieu de vie paisible et durable.\u00a0\u00bb<\/p>\n<p>Un projet ouvert \u00e0 l\u2019art<\/p>\n<p>Dans le cadre de la <strong>charte 1 immeuble, 1 \u0153uvre,<\/strong> cofond\u00e9e par Emerige avec le minist\u00e8re de la Culture, l\u2019artiste <strong>Mengzhi Zheng<\/strong> a r\u00e9alis\u00e9 une sculpture-installation intitul\u00e9e Habitable. L\u2019\u0153uvre s\u2019inscrit dans une s\u00e9rie de cr\u00e9ations aux structures color\u00e9es et ouvertes, entre sculpture et architecture non fonctionnelle.<\/p>\n<p>Des partenaires mobilis\u00e9s pour un habitat accessible<\/p>\n<p>Partenaires du projet, In\u2019li et Unicil, deux filiales d\u2019Action Logement, ont soulign\u00e9 leur engagement en faveur du logement pour les actifs et les familles. Unicil pr\u00e9cise que cette r\u00e9sidence \u00ab\u00a0permet d\u2019offrir \u00e0 16 familles un logement de qualit\u00e9, \u00e0 loyer abordable, sans artificialiser les sols\u00a0\u00bb.<br class=\"autobr\"\/><br \/>\nDe son c\u00f4t\u00e9, In\u2019li PACA rappelle sa mission\u00a0: \u00ab\u00a0l\u2019acc\u00e8s au logement \u00e0 prix ma\u00eetris\u00e9 pour les salari\u00e9s et jeunes actifs en Provence-Alpes-C\u00f4te d\u2019Azur et Corse\u00a0\u00bb. L\u2019entreprise g\u00e8re aujourd\u2019hui plus de 6 000 logements dans la r\u00e9gion. <strong>Action Logement, <\/strong> maison m\u00e8re des deux op\u00e9rateurs, rappelle sa vocation\u00a0: \u00ab\u00a0 Depuis plus de 70 ans, Action Logement agit comme un pilier du logement social et interm\u00e9diaire en France, avec une mission claire\u00a0: faciliter l\u2019acc\u00e8s au logement pour favoriser l\u2019emploi.<\/p>\n<p> <a href=\"https:\/\/www.europesays.com\/fr\/wp-content\/uploads\/2025\/11\/les_terrasses_du_parc.png\" class=\"spip_doc_lien mediabox\" type=\"image\/png\"><br \/>\n\t\t<img loading=\"lazy\" decoding=\"async\" src=\"https:\/\/www.europesays.com\/fr\/wp-content\/uploads\/2025\/11\/les_terrasses_du_parc.png\" width=\"1024\" height=\"693\" alt=\"\"\/><\/a><\/p>\n<p>\u00a9Olivier Remualdo\n<\/p>\n<p>Pr\u00e9sent sur le territoire de Nice C\u00f4te d\u2019Azur, Emerige poursuit son d\u00e9veloppement r\u00e9gional avec cette livraison. L\u2019entreprise, engag\u00e9e depuis pr\u00e8s de dix ans dans une d\u00e9marche RSE intitul\u00e9e <strong>\u00c9rigeons demain\u00a0!<\/strong>, inscrit ses projets autour de quatre axes\u00a0: ville durable, confiance, qualit\u00e9 et culture.<\/p>\n<p>Photo de Une\u00a0: De gauche \u00e0 droite<br class=\"autobr\"\/><br \/>\nVal\u00e9rie COPIN (Pr\u00e9sidente du Conseil d\u2019Administration d\u2019IN\u2019LI), Jean-Paul GOMIS (Gomis<br class=\"autobr\"\/><br \/>\nArchitecture) , Martine CORSO (Vice-Pr\u00e9sidente du Comit\u00e9 R\u00e9gional d\u2019Action Logement),Lionnel<br class=\"autobr\"\/><br \/>\nLUCA (Maire de Villeneuve-Loubet &amp; Vice-Pr\u00e9sident de la Communaut\u00e9 d\u2019Agglom\u00e9ration de Sophia-<br class=\"autobr\"\/><br \/>\nAntipolis), Dominique SASSONE ESTROSI (S\u00e9nateur des Alpes-Maritimes \u2013 Pr\u00e9sidente de la<br class=\"autobr\"\/><br \/>\nCommission des affaires \u00e9conomiques),Nicolas VINCENT (Directeur Client\u00e8le d\u2019Unicil) repr\u00e9sentant<br class=\"autobr\"\/><br \/>\nEric PINATEL (Directeur G\u00e9n\u00e9ral d\u2019Unicil),Alexandre EBEL (Directeur G\u00e9n\u00e9ral de la fili\u00e8re Emerige<br class=\"autobr\"\/><br \/>\nM\u00e9diterran\u00e9e,) Arthur TOSCAN DU PLANTIER (Directeur G\u00e9n\u00e9ral Adjoint d\u2019Emerige). \u00a9DR<\/p>\n","protected":false},"excerpt":{"rendered":"Emerige M\u00e9diterran\u00e9e a inaugur\u00e9 la r\u00e9sidence Les Terrasses du Parc \u00e0 Villeneuve-Loubet, son troisi\u00e8me programme sur la C\u00f4te&hellip;\n","protected":false},"author":2,"featured_media":531304,"comment_status":"","ping_status":"","sticky":false,"template":"","format":"standard","meta":{"footnotes":""},"categories":[2819],"tags":[1111,11,2408,1777,674,1011,27,12,2401,882,25],"class_list":{"0":"post-531303","1":"post","2":"type-post","3":"status-publish","4":"format-standard","5":"has-post-thumbnail","7":"category-nice","8":"tag-actu","9":"tag-actualites","10":"tag-appels-d","11":"tag-eu","12":"tag-europe","13":"tag-fr","14":"tag-france","15":"tag-news","16":"tag-nice","17":"tag-provence-alpes-cote-dazur","18":"tag-republique-francaise"},"share_on_mastodon":{"url":"https:\/\/pubeurope.com\/@fr\/115542389960892855","error":""},"_links":{"self":[{"href":"https:\/\/www.europesays.com\/fr\/wp-json\/wp\/v2\/posts\/531303","targetHints":{"allow":["GET"]}}],"collection":[{"href":"https:\/\/www.europesays.com\/fr\/wp-json\/wp\/v2\/posts"}],"about":[{"href":"https:\/\/www.europesays.com\/fr\/wp-json\/wp\/v2\/types\/post"}],"author":[{"embeddable":true,"href":"https:\/\/www.europesays.com\/fr\/wp-json\/wp\/v2\/users\/2"}],"replies":[{"embeddable":true,"href":"https:\/\/www.europesays.com\/fr\/wp-json\/wp\/v2\/comments?post=531303"}],"version-history":[{"count":0,"href":"https:\/\/www.europesays.com\/fr\/wp-json\/wp\/v2\/posts\/531303\/revisions"}],"wp:featuredmedia":[{"embeddable":true,"href":"https:\/\/www.europesays.com\/fr\/wp-json\/wp\/v2\/media\/531304"}],"wp:attachment":[{"href":"https:\/\/www.europesays.com\/fr\/wp-json\/wp\/v2\/media?parent=531303"}],"wp:term":[{"taxonomy":"category","embeddable":true,"href":"https:\/\/www.europesays.com\/fr\/wp-json\/wp\/v2\/categories?post=531303"},{"taxonomy":"post_tag","embeddable":true,"href":"https:\/\/www.europesays.com\/fr\/wp-json\/wp\/v2\/tags?post=531303"}],"curies":[{"name":"wp","href":"https:\/\/api.w.org\/{rel}","templated":true}]}}