{"id":531307,"date":"2025-11-13T12:29:20","date_gmt":"2025-11-13T12:29:20","guid":{"rendered":"https:\/\/www.europesays.com\/fr\/531307\/"},"modified":"2025-11-13T12:29:20","modified_gmt":"2025-11-13T12:29:20","slug":"attendue-la-liaison-cyclable-entre-ces-deux-communes-de-loire-atlantique-va-couter-cher","status":"publish","type":"post","link":"https:\/\/www.europesays.com\/fr\/531307\/","title":{"rendered":"Attendue, la liaison cyclable entre ces deux communes de Loire-Atlantique va co\u00fbter cher"},"content":{"rendered":"<p>Plusieurs d\u00e9lib\u00e9rations \u00e9taient au menu du conseil communautaire du mercredi 5\u00a0novembre 2025. Parmi elles, la convention de transfert de ma\u00eetrise d\u2019ouvrage sur la liaison cyclable Suc\u00e9-sur-Erdre-Carquefou entre la communaut\u00e9 de communes Erdre et Gesvres, Nantes M\u00e9tropole et le D\u00e9partement.<\/p>\n<p><strong>LIRE AUSSI\u00a0:<\/strong> <a href=\"https:\/\/nantes.maville.com\/actu\/actudet_-la-mairie-de-carquefou-dans-le-viseur-de-la-justice-_8-6987542_actu.Htm\" target=\"_blank\" rel=\"noopener\">La mairie de Carquefou dans le viseur de la justice<\/a><\/p>\n<p>Pr\u00e8s de 2\u00a0millions d\u2019euros<\/p>\n<p>Les trois\u00a0collectivit\u00e9s travaillent sur l\u2019am\u00e9nagement d\u2019une liaison cyclable intercommunautaire de 3,7\u00a0km entre ces deux\u00a0communes, aussi bien pour le travail que pour les loisirs. L\u2019objectif est de proposer une alternative \u00e0 la voiture individuelle. Mais les voiries existantes ne permettent pas de r\u00e9aliser ce projet \u00e0 v\u00e9lo de mani\u00e8re s\u00e9curis\u00e9e et directe. La cr\u00e9ation d\u2019une passerelle a \u00e9t\u00e9 retenue au-dessus des marais du ruisseau des Hupi\u00e8res. <br \/>Le co\u00fbt est n\u00e9anmoins tr\u00e8s \u00e9lev\u00e9. Le reste \u00e0 charge pour la CCEG sera de 660\u00a0000\u00a0\u20ac apr\u00e8s d\u00e9duction des diff\u00e9rentes aides, sur un total de 1\u00a0900\u00a0000\u00a0\u20ac que co\u00fbtera la construction de cette passerelle. En outre, la route devra \u00eatre totalement ferm\u00e9e durant les cinq mois de travaux.<\/p>\n<p><strong>LIRE AUSSI\u00a0:<\/strong> <a href=\"https:\/\/nantes.maville.com\/actu\/actudet_-nantes-au-fil-de-l-eau-arpentez-les-rivieres-de-loire-atlantique-sur-un-bateau-sans-permis-_8-6932607_actu.Htm\" target=\"_blank\" rel=\"noopener\">Nantes au fil de l\u2019eau\u00a0: arpentez les rivi\u00e8res de Loire-Atlantique sur un bateau sans permis<\/a><\/p>\n<p>Unanimit\u00e9<\/p>\n<p>Les \u00e9lus de la CCEG ont approuv\u00e9 \u00e0 l\u2019unanimit\u00e9 l\u2019augmentation du dispositif de subventions \u00e0 la production de logements sociaux.<\/p>\n<p>\u00a0<\/p>\n","protected":false},"excerpt":{"rendered":"Plusieurs d\u00e9lib\u00e9rations \u00e9taient au menu du conseil communautaire du mercredi 5\u00a0novembre 2025. Parmi elles, la convention de transfert&hellip;\n","protected":false},"author":2,"featured_media":531308,"comment_status":"","ping_status":"","sticky":false,"template":"","format":"standard","meta":{"footnotes":""},"categories":[2818],"tags":[1111,11,38186,3139,1674,39628,13340,1777,674,1011,27,65085,3047,766,12,2636,25],"class_list":{"0":"post-531307","1":"post","2":"type-post","3":"status-publish","4":"format-standard","5":"has-post-thumbnail","7":"category-nantes","8":"tag-actu","9":"tag-actualites","10":"tag-attendue","11":"tag-cher","12":"tag-communes","13":"tag-couter","14":"tag-cyclable","15":"tag-eu","16":"tag-europe","17":"tag-fr","18":"tag-france","19":"tag-liaison","20":"tag-loire-atlantique","21":"tag-nantes","22":"tag-news","23":"tag-pays-de-la-loire","24":"tag-republique-francaise"},"share_on_mastodon":{"url":"https:\/\/pubeurope.com\/@fr\/115542397222697322","error":""},"_links":{"self":[{"href":"https:\/\/www.europesays.com\/fr\/wp-json\/wp\/v2\/posts\/531307","targetHints":{"allow":["GET"]}}],"collection":[{"href":"https:\/\/www.europesays.com\/fr\/wp-json\/wp\/v2\/posts"}],"about":[{"href":"https:\/\/www.europesays.com\/fr\/wp-json\/wp\/v2\/types\/post"}],"author":[{"embeddable":true,"href":"https:\/\/www.europesays.com\/fr\/wp-json\/wp\/v2\/users\/2"}],"replies":[{"embeddable":true,"href":"https:\/\/www.europesays.com\/fr\/wp-json\/wp\/v2\/comments?post=531307"}],"version-history":[{"count":0,"href":"https:\/\/www.europesays.com\/fr\/wp-json\/wp\/v2\/posts\/531307\/revisions"}],"wp:featuredmedia":[{"embeddable":true,"href":"https:\/\/www.europesays.com\/fr\/wp-json\/wp\/v2\/media\/531308"}],"wp:attachment":[{"href":"https:\/\/www.europesays.com\/fr\/wp-json\/wp\/v2\/media?parent=531307"}],"wp:term":[{"taxonomy":"category","embeddable":true,"href":"https:\/\/www.europesays.com\/fr\/wp-json\/wp\/v2\/categories?post=531307"},{"taxonomy":"post_tag","embeddable":true,"href":"https:\/\/www.europesays.com\/fr\/wp-json\/wp\/v2\/tags?post=531307"}],"curies":[{"name":"wp","href":"https:\/\/api.w.org\/{rel}","templated":true}]}}