{"id":53131,"date":"2025-04-26T01:07:08","date_gmt":"2025-04-26T01:07:08","guid":{"rendered":"https:\/\/www.europesays.com\/fr\/53131\/"},"modified":"2025-04-26T01:07:08","modified_gmt":"2025-04-26T01:07:08","slug":"pascal-bataille-apres-le-cancer-ces-autres-soucis-de-sante-graves","status":"publish","type":"post","link":"https:\/\/www.europesays.com\/fr\/53131\/","title":{"rendered":"Pascal Bataille : apr\u00e8s le cancer, ces autres soucis de sant\u00e9 graves"},"content":{"rendered":"<p>Une bataille de gagn\u00e9e, mais pas la guerre. Le 6 d\u00e9cembre 2024, <a href=\"https:\/\/vsd.fr\/tag\/pascal-bataille\/\" target=\"_blank\" rel=\"noopener\">Pascal Bataille <\/a>prenait la parole sur ses r\u00e9seaux sociaux pour annoncer une terrible nouvelle. En effet, l\u2019animateur embl\u00e9matique de <strong>\u00ab\u00a0Y\u2019a que la v\u00e9rit\u00e9 qui compte\u00a0\u00bb<\/strong>, <a href=\"https:\/\/www.public.fr\/pascal-bataille-et-laurent-fontaine-rebondissent-a-leur-tour-sur-w9\" target=\"_blank\" rel=\"noopener\">en duo avec Laurent Fontaine<\/a>, r\u00e9v\u00e9lait souffrir d\u2019un cancer du poumon.\u00a0<\/p>\n<p>\u00ab\u00a0J\u2019ai une petite v\u00e9rit\u00e9 \u00e0 vous dire, importante n\u00e9anmoins. Depuis deux ou trois mois,\u00a0je me bats contre un cancer du poumon\u00a0\u00bb, annon\u00e7ait-il avant de se montrer confiance dans son combat : \u00ab\u00a0Et ce combat, je suis s\u00fbr que je vais le gagner. D&rsquo;abord, parce que je suis entour\u00e9 par des m\u00e9decins formidables. Ensuite parce que<strong>\u00a0je b\u00e9n\u00e9ficie de nouveaux protocoles de soins<\/strong>\u00a0qui ont fait des progr\u00e8s consid\u00e9rables ces derni\u00e8res ann\u00e9es. Et enfin parce que j&rsquo;ai un moral du tonnerre, un moral qui me permet d&rsquo;y croire dur comme fer. Je sais que je vais gu\u00e9rir de cette saloperie !\u00a0\u00bb.<\/p>\n<p>L&rsquo;animateur en r\u00e9mission <\/p>\n<p>Finalement, Pascal Bataille a bel et bien gagn\u00e9 son combat comme il l\u2019annon\u00e7ait sur le plateau de BFMTV le 17 mars 2025. \u00ab\u00a0<strong>J&rsquo;ai \u00e9t\u00e9 op\u00e9r\u00e9 d\u00e9but janvier<\/strong>\u00a0apr\u00e8s un traitement de trois mois o\u00f9 j&rsquo;ai pu profiter de ces nouveaux traitements tr\u00e8s efficaces tel que l&rsquo;immunoth\u00e9rapie, qui donne de tr\u00e8s bons r\u00e9sultats notamment pour le cancer du poumon\u00a0\u00bb, informait-il dans un premier temps.<\/p>\n<p>Avant de poursuivre et faire l\u2019annonce que tout le monde attendait : <a href=\"https:\/\/www.public.fr\/on-ma-enleve-un-morceau-de-poumon-pascal-bataille-annonce-etre-en-remission\" target=\"_blank\" rel=\"noopener\">\u00ab\u00a0<strong>aujourd&rsquo;hui, je suis en r\u00e9mission<\/strong>\u00ab\u00a0<\/a>. \u00ab\u00a0J\u2019ai un bilan dans quelques semaines qui va permettre de dire si c&rsquo;est vraiment le cas, mais officiellement apr\u00e8s mon op\u00e9ration il n&rsquo;y avait plus de tumeurs, ni de zone canc\u00e9reuse.\u00a0On m&rsquo;a enlev\u00e9 un morceau de poumon\u00a0et je me porte tr\u00e8s bien\u00a0\u00bb, ajoutait-il.<\/p>\n<p>Cette autre maladie dont souffre Pascal Bataille<\/p>\n<p>N\u00e9anmoins, dans les colonnes de France Dimanche, m\u00eame s\u2019il confirme sa r\u00e9mission, l\u2019animateur de 65 ans a r\u00e9v\u00e9l\u00e9 <strong>souffrir d\u2019une autre maladie depuis plus de 30 ans<\/strong>. \u00c0 savoir, des acouph\u00e8nes. \u00ab\u00a0J&rsquo;entends des bruits parasites en permanence. Mais je suis oblig\u00e9 de vivre avec\u00a0\u00bb, a-t-il confi\u00e9.\u00a0<\/p>\n<p>De plus, pour se \u00ab\u00a0soigner\u00a0\u00bb, l\u2019acolyte de Laurent Fontaine fait du yoga et de la m\u00e9ditation. Des pratiques qui lui permettent de supporter la situation : \u00ab\u00a0\u00c0 force, j&rsquo;ai appris \u00e0 les &lsquo;dominer&rsquo;. Au d\u00e9but, c&rsquo;\u00e9tait bien plus dur.\u00a0J&rsquo;avais envie de me taper la t\u00eate contre le mur\u00a0!\u00a0\u00bb.<\/p>\n<p>C\u2019est depuis septembre 1993 que Pascal Bataille souffre d\u2019acouph\u00e8nes. Il pourrait y mettre fin par le biais d\u2019une op\u00e9ration. <strong>\u00ab\u00a0C&rsquo;est d\u00fb \u00e0 une tumeur sur le nerf acoustique. Les m\u00e9decins ont r\u00e9ussi \u00e0 stopper la croissance, mais elle est toujours pr\u00e9sente<\/strong>\u00ab\u00a0, a-t-il expliqu\u00e9 dans un premier temps.<\/p>\n<p>N\u00e9anmoins, l\u2019op\u00e9ration est aujourd\u2019hui impossible car trop dangereuse : <strong>\u00ab\u00a0On pourrait op\u00e9rer, mais\u00a0le risque d&rsquo;h\u00e9mipl\u00e9gie faciale serait bien trop \u00e9lev\u00e9<\/strong>\u00ab\u00a0.<\/p>\n<p>      Mentionn\u00e9s dans cet article<\/p>\n<p>\u00c0 lire aussi<\/p>\n","protected":false},"excerpt":{"rendered":"Une bataille de gagn\u00e9e, mais pas la guerre. Le 6 d\u00e9cembre 2024, Pascal Bataille prenait la parole sur&hellip;\n","protected":false},"author":2,"featured_media":53132,"comment_status":"","ping_status":"","sticky":false,"template":"","format":"standard","meta":{"footnotes":""},"categories":[1359],"tags":[101,58,59,1011,27,14688,12735,973,14689],"class_list":{"0":"post-53131","1":"post","2":"type-post","3":"status-publish","4":"format-standard","5":"has-post-thumbnail","7":"category-people","8":"tag-cancer","9":"tag-divertissement","10":"tag-entertainment","11":"tag-fr","12":"tag-france","13":"tag-laurent-fontaine","14":"tag-pascal-bataille","15":"tag-people","16":"tag-ya-que-la-verite-qui-compte"},"share_on_mastodon":{"url":"https:\/\/pubeurope.com\/@fr\/114401590899920709","error":""},"_links":{"self":[{"href":"https:\/\/www.europesays.com\/fr\/wp-json\/wp\/v2\/posts\/53131","targetHints":{"allow":["GET"]}}],"collection":[{"href":"https:\/\/www.europesays.com\/fr\/wp-json\/wp\/v2\/posts"}],"about":[{"href":"https:\/\/www.europesays.com\/fr\/wp-json\/wp\/v2\/types\/post"}],"author":[{"embeddable":true,"href":"https:\/\/www.europesays.com\/fr\/wp-json\/wp\/v2\/users\/2"}],"replies":[{"embeddable":true,"href":"https:\/\/www.europesays.com\/fr\/wp-json\/wp\/v2\/comments?post=53131"}],"version-history":[{"count":0,"href":"https:\/\/www.europesays.com\/fr\/wp-json\/wp\/v2\/posts\/53131\/revisions"}],"wp:featuredmedia":[{"embeddable":true,"href":"https:\/\/www.europesays.com\/fr\/wp-json\/wp\/v2\/media\/53132"}],"wp:attachment":[{"href":"https:\/\/www.europesays.com\/fr\/wp-json\/wp\/v2\/media?parent=53131"}],"wp:term":[{"taxonomy":"category","embeddable":true,"href":"https:\/\/www.europesays.com\/fr\/wp-json\/wp\/v2\/categories?post=53131"},{"taxonomy":"post_tag","embeddable":true,"href":"https:\/\/www.europesays.com\/fr\/wp-json\/wp\/v2\/tags?post=53131"}],"curies":[{"name":"wp","href":"https:\/\/api.w.org\/{rel}","templated":true}]}}