{"id":531313,"date":"2025-11-13T12:33:12","date_gmt":"2025-11-13T12:33:12","guid":{"rendered":"https:\/\/www.europesays.com\/fr\/531313\/"},"modified":"2025-11-13T12:33:12","modified_gmt":"2025-11-13T12:33:12","slug":"le-territoire-ignore-par-le-trace-du-futur-tgv-bordeaux-lyon","status":"publish","type":"post","link":"https:\/\/www.europesays.com\/fr\/531313\/","title":{"rendered":"Le territoire ignor\u00e9 par le trac\u00e9 du futur TGV Bordeaux-Lyon\u00a0?"},"content":{"rendered":"<p>Alors que l\u2019id\u00e9e d\u2019une ligne directe entre Bordeaux et Lyon avait \u00e9t\u00e9 abandonn\u00e9e en\u00a02014, la SNCF Voyageurs aurait rouvert le dossier r\u00e9cemment. Probl\u00e8me pour les habitants de <a href=\"https:\/\/www.20minutes.fr\/dossier\/haute-vienne\" target=\"_blank\" class=\"c-link c-link--is-underlined\" rel=\"noopener\">Haute-Vienne<\/a>\u00a0: le trac\u00e9 de la future ligne de TGV ne passerait plus par Limoges, mais par la gare de Poitiers (Vienne), d\u2019apr\u00e8s <a href=\"https:\/\/france3-regions.franceinfo.fr\/nouvelle-aquitaine\/haute-vienne\/limoges\/un-projet-de-tgv-bordeaux-lyon-passant-par-poitiers-limoges-ecartee-c-est-juste-une-question-de-volonte-3248281.html\" target=\"_blank\" class=\"c-link c-link--is-underlined\" rel=\"noopener\">France 3 R\u00e9gions<\/a>.<\/p>\n<p>\u00c0 l\u2019origine de la rumeur, un courrier de la maire de Poitiers, L\u00e9onore Moncond\u2019huy, et de la pr\u00e9sidente du Grand Poitiers, Florence Jardin, adress\u00e9 \u00e0 la <a href=\"https:\/\/www.20minutes.fr\/dossier\/sncf\" target=\"_blank\" class=\"c-link c-link--is-underlined\" rel=\"noopener\">SNCF<\/a> le 25\u00a0septembre. Dans cette lettre, les \u00e9lues ont r\u00e9clam\u00e9 une offre de trains adapt\u00e9e aux besoins des habitants devant \u00ab\u00a0se rendre fr\u00e9quemment \u00e0 Paris, \u00e0 Bordeaux, et \u00e0 Lyon\u00a0\u00bb. C\u2019est suite \u00e0 cette demande que la SNCF aurait commenc\u00e9 \u00e0 \u00e9tudier la faisabilit\u00e9 du projet, en excluant Limoges.<\/p>\n<p>Via Poitiers, Saint-Pierre-des-Corps et Massy en\u00a02027<\/p>\n<p>Selon le trac\u00e9 original du projet de ligne directe entre Bordeaux et Lyon, les TGV \u00e9taient cens\u00e9s passer par Limoges, Gu\u00e9ret (Creuse) et Clermont-Ferrand (Puy-de-D\u00f4me). Mais d\u2019apr\u00e8s des sources internes, la SNCF \u00e9tudierait plut\u00f4t la possibilit\u00e9 d\u2019un trac\u00e9 qui desservirait Poitiers, Saint-Pierre-des-Corps et Massy, en <a href=\"https:\/\/www.20minutes.fr\/dossier\/ouigo\" target=\"_blank\" class=\"c-link c-link--is-underlined\" rel=\"noopener\">Ouigo<\/a>, d\u00e8s l\u2019horizon\u00a02027.<\/p>\n<\/p>\n<p>Cette ligne Bordeaux-Lyon via Limoges \u00e9tait sous la responsabilit\u00e9 du <a href=\"https:\/\/www.20minutes.fr\/dossier\/ministere\" target=\"_blank\" class=\"c-link c-link--is-underlined\" rel=\"noopener\">minist\u00e8re<\/a> des Transports jusqu\u2019\u00e0 ce que l\u2019\u00c9tat s\u2019en d\u00e9sengage au d\u00e9but des ann\u00e9es\u00a02010. Les r\u00e9gions avaient alors repris la gestion de la ligne. Depuis l\u2019interruption pour travaux en\u00a02015 et le nouveau d\u00e9coupage des r\u00e9gions, Auvergne-Rh\u00f4ne-Alpes et Nouvelle-Aquitaine ne se sont pas mis d\u2019accord pour relancer la ligne.<\/p>\n","protected":false},"excerpt":{"rendered":"Alors que l\u2019id\u00e9e d\u2019une ligne directe entre Bordeaux et Lyon avait \u00e9t\u00e9 abandonn\u00e9e en\u00a02014, la SNCF Voyageurs aurait&hellip;\n","protected":false},"author":2,"featured_media":531314,"comment_status":"","ping_status":"","sticky":false,"template":"","format":"standard","meta":{"footnotes":""},"categories":[2817],"tags":[1111,47,11,1997,1777,674,1011,27,8528,2193,8529,12,2219,25,2215,104],"class_list":{"0":"post-531313","1":"post","2":"type-post","3":"status-publish","4":"format-standard","5":"has-post-thumbnail","7":"category-bordeaux","8":"tag-actu","9":"tag-actualite","10":"tag-actualites","11":"tag-bordeaux","12":"tag-eu","13":"tag-europe","14":"tag-fr","15":"tag-france","16":"tag-haute-vienne","17":"tag-limoges","18":"tag-limousin","19":"tag-news","20":"tag-nouvelle-aquitaine","21":"tag-republique-francaise","22":"tag-sncf","23":"tag-societe"},"share_on_mastodon":{"url":"https:\/\/pubeurope.com\/@fr\/115542412889582639","error":""},"_links":{"self":[{"href":"https:\/\/www.europesays.com\/fr\/wp-json\/wp\/v2\/posts\/531313","targetHints":{"allow":["GET"]}}],"collection":[{"href":"https:\/\/www.europesays.com\/fr\/wp-json\/wp\/v2\/posts"}],"about":[{"href":"https:\/\/www.europesays.com\/fr\/wp-json\/wp\/v2\/types\/post"}],"author":[{"embeddable":true,"href":"https:\/\/www.europesays.com\/fr\/wp-json\/wp\/v2\/users\/2"}],"replies":[{"embeddable":true,"href":"https:\/\/www.europesays.com\/fr\/wp-json\/wp\/v2\/comments?post=531313"}],"version-history":[{"count":0,"href":"https:\/\/www.europesays.com\/fr\/wp-json\/wp\/v2\/posts\/531313\/revisions"}],"wp:featuredmedia":[{"embeddable":true,"href":"https:\/\/www.europesays.com\/fr\/wp-json\/wp\/v2\/media\/531314"}],"wp:attachment":[{"href":"https:\/\/www.europesays.com\/fr\/wp-json\/wp\/v2\/media?parent=531313"}],"wp:term":[{"taxonomy":"category","embeddable":true,"href":"https:\/\/www.europesays.com\/fr\/wp-json\/wp\/v2\/categories?post=531313"},{"taxonomy":"post_tag","embeddable":true,"href":"https:\/\/www.europesays.com\/fr\/wp-json\/wp\/v2\/tags?post=531313"}],"curies":[{"name":"wp","href":"https:\/\/api.w.org\/{rel}","templated":true}]}}