{"id":531319,"date":"2025-11-13T12:36:25","date_gmt":"2025-11-13T12:36:25","guid":{"rendered":"https:\/\/www.europesays.com\/fr\/531319\/"},"modified":"2025-11-13T12:36:25","modified_gmt":"2025-11-13T12:36:25","slug":"piste-de-pumptrack-jeux-caniparc-potagers-deux-nouveaux-parcs-inaugures-a-lille-sud","status":"publish","type":"post","link":"https:\/\/www.europesays.com\/fr\/531319\/","title":{"rendered":"Piste de pumptrack, jeux, caniparc, potagers&#8230; Deux nouveaux parcs inaugur\u00e9s \u00e0 Lille-Sud"},"content":{"rendered":"<p>                    Par<br \/>\n        <strong><br \/>\n            <a href=\"https:\/\/actu.fr\/auteur\/hervine-mahaud\" title=\"Consulter tous les articles de Hervine Mahaud\" rel=\"nofollow noopener\" target=\"_blank\">Hervine Mahaud<\/a><br \/>\n                    <\/strong><\/p>\n<p>        Publi\u00e9 le<\/p>\n<p>            13 nov. 2025 \u00e0 12h40        <\/p>\n<p>Ils ont \u00e9t\u00e9 pens\u00e9s en concertation avec les habitants du quartier. \u00c0 <b>Lille-Sud<\/b>, la Ville vient d\u2019inaugurer <b>deux nouveaux espaces verts<\/b>, mercredi 12 novembre 205 : le <b>square L\u00e9onard de Vinci<\/b>, avec une <b>piste de pumptrack<\/b> (circuit pour les <b>v\u00e9los<\/b> tout terrain) et une <b>aire de jeux<\/b>, et le <b>square Oum Kalthoum<\/b> non loin, o\u00f9 l\u2019on retrouve un <b>caniparc<\/b>, des <b>parcours d\u2019aventure ludiques<\/b> et des <b>parcelles de jardins potagers<\/b>.<\/p>\n<p>Deux nouveaux parcs pour les sportifs, les enfants et les familles ouvrent \u00e0 Lille-Sud<\/p>\n<p class=\" wall-content\">Ces deux espaces ont \u00e9t\u00e9 cr\u00e9\u00e9s sur d\u2019<b>anciens terrains vagues<\/b>. \u00ab\u00a0On a refait l\u2019am\u00e9nagement pour avoir deux nouvelles parcelles\u00a0\u00bb, indique Arnaud Deslandes, maire de Lille. Et de souligner que \u00ab\u00a0les deux jardins fonctionnent ensemble : l\u2019un est plus sportif, l\u2019autre tourn\u00e9e vers les familles.\u00a0\u00bb<\/p>\n<p class=\" wall-content\">Les habitants ont ainsi contribu\u00e9 \u00e0 la cr\u00e9ation de ces squares, pens\u00e9s pour et avec eux. Ils ont ainsi pu mettre la main \u00e0 la terre, lors des deux <b>plantations citoyennes<\/b>, en mars dernier pour le square Oum Kalthoum, et ce 12 novembre pour le square L\u00e9onard de Vinci. Arbres fruitiers, arbustes, plantes vivaces et fleurs\u2026 Le r\u00e9sultat de ces diff\u00e9rentes plantations pourra pleinement s\u2019appr\u00e9cier d\u00e8s le printemps 2026.<\/p>\n<p>    <img   decoding=\"async\" loading=\"lazy\" class=\"size-large\" src=\"https:\/\/www.europesays.com\/fr\/wp-content\/uploads\/2025\/11\/af3c204e95196a34c204e9519874c2v-960x640.jpg\" alt=\"Le maire de Lille, Arnaud Deslandes, a particip\u00e9 \u00e0 la plantation citoyenne au square L\u00e9onard de Vinci, le 12 novembre.\" width=\"960\" height=\"640\"\/><br \/>\n    Le maire de Lille, Arnaud Deslandes, a particip\u00e9 \u00e0 la plantation citoyenne au square L\u00e9onard de Vinci, le 12 novembre. \u00a9Hervine Mahaud<\/p>\n<p class=\" wall-content\">\u00ab\u00a0On veut faire des plantations dans tous les quartiers, pour mettre la nature au plus pr\u00e8s des habitants qui pourront mieux respirer. Avec les plantations, on augmente la qualit\u00e9 de la lutte contre le r\u00e9chauffement climatique.\u00a0\u00bb<\/p>\n<p>Une piste de pumptrack pour les VTT, mais pas que !<\/p>\n<p class=\" wall-content\">Le square L\u00e9onard de Vinci, situ\u00e9 \u00e0 deux pas de la station de m\u00e9tro CHU Eurasant\u00e9, a vu le jour apr\u00e8s six mois de travaux. \u00ab\u00a0Une partie de la grande pelouse de la place accueille \u00e0 pr\u00e9sent <b>un square \u00e9quip\u00e9 de tables de pique-nique, m\u00e9ridiennes et transats et d\u2019une aire de jeux inclusive<\/b>\u00ab\u00a0, explique la municipalit\u00e9.<\/p>\n<p>Votre r\u00e9gion, votre actu !<\/p>\n<p>Recevez chaque jour les infos qui comptent pour vous.<\/p>\n<p>\t<a href=\"https:\/\/actu.fr\/newsletter\" class=\"ac-btn ac-btn--corner ac-btn--medium ac-btn--blue800\" rel=\"nofollow noopener\" target=\"_blank\">S&rsquo;incrire<\/a><\/p>\n<p class=\" wall-content\">On y trouve aussi\u00a0<b>une piste de pumptrack (circuit tout terrain pour les v\u00e9los)<\/b>, qui pla\u00eet aussi aux jeunes skaters et trottinettistes.<\/p>\n<p>    <img   decoding=\"async\" loading=\"lazy\" class=\"size-large\" src=\"https:\/\/www.europesays.com\/fr\/wp-content\/uploads\/2025\/11\/7992c3ac95196ed92c3ac9519e1a2cv-960x640.jpg\" alt=\"square leonard de vinci lille sud\" width=\"960\" height=\"640\"\/><br \/>\n    La piste de pumptrack pla\u00eet autant aux cyclistes qu\u2019aux skaters. \u00a9Hervine Mahaud<\/p>\n<p class=\" wall-content\">La plantation d\u2019arbres aux essences vari\u00e9es ach\u00e8ve cette m\u00e9tamorphose qui offre au quartier un nouvel espace de d\u00e9tente et de jeu.<\/p>\n<p>Des jardins potagers et le 9e caniparc de Lille\u00a0<\/p>\n<p class=\" wall-content\">Pour d\u00e9couvrir le square Oum Kalthoum, il faut passer par l\u2019entr\u00e9e situ\u00e9e rue Sylv\u00e8re Verhulst. L\u00e0, un petit parc verdoyant de 3 250 m\u00b2, avec <b>80 arbres<\/b>, fait d\u00e9j\u00e0 la joie des riverains. L\u2019espace comprend un <b>verger<\/b> de 340 m\u00b2, 1350 m\u00b2 de massifs arbustifs et vivaces, 350 m\u00b2 de boisement suppl\u00e9mentaire ainsi qu\u2019une <b>mare<\/b>. Des\u00a0<b>tables de pique-nique<\/b>\u00a0composent l\u2019espace central, lieu de d\u00e9tente et de rencontre.<\/p>\n<p>    <img   decoding=\"async\" loading=\"lazy\" class=\"size-large\" src=\"https:\/\/www.europesays.com\/fr\/wp-content\/uploads\/2025\/11\/131883ac951962a1883ac95199e188v-960x640.jpg\" alt=\"square oum kalthoum lille sud\" width=\"960\" height=\"640\"\/><br \/>\n    Une mare, lieu de biodiversit\u00e9. \u00a9Hervine Mahaud<\/p>\n<p class=\" wall-content\">Pour le bonheur des petits, et des grands, <b>60 m\u00e8tres lin\u00e9aires de parcours aventure<\/b> ont \u00e9t\u00e9 install\u00e9s. \u00ab\u00a0Un chemin finlandais, un tronc couch\u00e9 comme passerelle, une entr\u00e9e par un tunnel v\u00e9g\u00e9talis\u00e9, un passage dans une prairie avec panneau didactique : voici quelques \u00e9l\u00e9ments qui \u00e9quiperont ces circuits ludiques et p\u00e9dagogiques\u00a0\u00bb, d\u00e9taille la Ville. Plusieurs parcelles de jardins potagers individuelles et collectives ont aussi \u00e9t\u00e9 cr\u00e9\u00e9es.\u00a0<\/p>\n<p>    <img   decoding=\"async\" loading=\"lazy\" class=\"size-large\" src=\"https:\/\/www.europesays.com\/fr\/wp-content\/uploads\/2025\/11\/68caa3ac9519664daa3ac951988daav-960x640.jpg\" alt=\"square oum kalthoum lille sud\" width=\"960\" height=\"640\"\/><br \/>\n    Le parcours aventure du square Oum Kalthoum ravira petits et grands. \u00a9Hervine Mahaud<\/p>\n<p class=\" wall-content\">Une autre partie du site comporte un <b>caniparc de 500 m\u00b2<\/b>. \u00ab\u00a0On a mis des <b>agr\u00e8s ludiques<\/b> comme des tunnels, pour la mise en confiance de l\u2019animal, et des <b>plantes sp\u00e9ciales<\/b> pour satisfaire leurs besoins olfactifs. Il y a aussi une <b>fontaine<\/b> pour qu\u2019ils puissent s\u2019abreuver. C\u2019est un espace de jeux et de complicit\u00e9\u00a0\u00bb, souligne Christelle Libert, conseill\u00e8re municipale d\u00e9l\u00e9gu\u00e9e aux Jardins familiaux et partag\u00e9s et au Bien-\u00eatre animal, fi\u00e8re d\u2019inaugurer le <b>9e caniparc de Lille.<\/b><\/p>\n<p class=\" wall-content\">Enfin, le square comporte <b>460 m\u00b2 de jardin potager divis\u00e9 en 12 parcelles individuelles<\/b>. Pour pouvoir cultiver ses propres l\u00e9gumes, il faut au pr\u00e9alable demander une place aupr\u00e8s de la commission d\u2019attribution des jardins familiaux. C\u2019est elle qui d\u00e9cide d\u2019allouer, ou non, une parcelle.<\/p>\n<p>    <img   decoding=\"async\" loading=\"lazy\" class=\"size-large\" src=\"https:\/\/www.europesays.com\/fr\/wp-content\/uploads\/2025\/11\/111633ac95196251633ac95193a163v-960x640.jpg\" alt=\"square oum kalthoum lille sud\" width=\"960\" height=\"640\"\/><br \/>\n    Les parcelles des jardins partag\u00e9s. \u00a9Hervine Mahaud<\/p>\n<p class=\" wall-content\">\u00ab\u00a0On peut commencer par se faire la main avec une parcelle collective et participer \u00e0 des ateliers. Jardiner, \u00e7a ne s\u2019improvise pas\u00a0\u00bb, pr\u00e9vient Christelle Libert.<\/p>\n<p class=\" wall-content\">Personnalisez votre actualit\u00e9 en ajoutant vos villes et m\u00e9dias en favori avec <a href=\"https:\/\/moncompte.actu.fr\" title=\"D\u00e9couvez Mon Actu\" rel=\"nofollow noopener\" data-trk=\"{&quot;cta&quot;:{&quot;action&quot;:&quot;https:\\\/\\\/moncompte.actu.fr&quot;,&quot;category&quot;:&quot;mon compte&quot;,&quot;from&quot;:&quot;article footer&quot;,&quot;name&quot;:&quot;Mon actu&quot;,&quot;type&quot;:&quot;cta&quot;}}\" target=\"_blank\">Mon Actu<\/a>.<\/p>\n","protected":false},"excerpt":{"rendered":"Par Hervine Mahaud Publi\u00e9 le 13 nov. 2025 \u00e0 12h40 Ils ont \u00e9t\u00e9 pens\u00e9s en concertation avec les&hellip;\n","protected":false},"author":2,"featured_media":531320,"comment_status":"","ping_status":"","sticky":false,"template":"","format":"standard","meta":{"footnotes":""},"categories":[2815],"tags":[1111,11,1719,1777,674,652,1011,27,811,1307,12,25,104],"class_list":{"0":"post-531319","1":"post","2":"type-post","3":"status-publish","4":"format-standard","5":"has-post-thumbnail","7":"category-lille","8":"tag-actu","9":"tag-actualites","10":"tag-enfants","11":"tag-eu","12":"tag-europe","13":"tag-famille","14":"tag-fr","15":"tag-france","16":"tag-hauts-de-france","17":"tag-lille","18":"tag-news","19":"tag-republique-francaise","20":"tag-societe"},"share_on_mastodon":{"url":"https:\/\/pubeurope.com\/@fr\/115542425512927616","error":""},"_links":{"self":[{"href":"https:\/\/www.europesays.com\/fr\/wp-json\/wp\/v2\/posts\/531319","targetHints":{"allow":["GET"]}}],"collection":[{"href":"https:\/\/www.europesays.com\/fr\/wp-json\/wp\/v2\/posts"}],"about":[{"href":"https:\/\/www.europesays.com\/fr\/wp-json\/wp\/v2\/types\/post"}],"author":[{"embeddable":true,"href":"https:\/\/www.europesays.com\/fr\/wp-json\/wp\/v2\/users\/2"}],"replies":[{"embeddable":true,"href":"https:\/\/www.europesays.com\/fr\/wp-json\/wp\/v2\/comments?post=531319"}],"version-history":[{"count":0,"href":"https:\/\/www.europesays.com\/fr\/wp-json\/wp\/v2\/posts\/531319\/revisions"}],"wp:featuredmedia":[{"embeddable":true,"href":"https:\/\/www.europesays.com\/fr\/wp-json\/wp\/v2\/media\/531320"}],"wp:attachment":[{"href":"https:\/\/www.europesays.com\/fr\/wp-json\/wp\/v2\/media?parent=531319"}],"wp:term":[{"taxonomy":"category","embeddable":true,"href":"https:\/\/www.europesays.com\/fr\/wp-json\/wp\/v2\/categories?post=531319"},{"taxonomy":"post_tag","embeddable":true,"href":"https:\/\/www.europesays.com\/fr\/wp-json\/wp\/v2\/tags?post=531319"}],"curies":[{"name":"wp","href":"https:\/\/api.w.org\/{rel}","templated":true}]}}