{"id":531322,"date":"2025-11-13T12:38:12","date_gmt":"2025-11-13T12:38:12","guid":{"rendered":"https:\/\/www.europesays.com\/fr\/531322\/"},"modified":"2025-11-13T12:38:12","modified_gmt":"2025-11-13T12:38:12","slug":"un-sexagenaire-tire-sur-son-voisin-au-revolver-pour-un-probleme-de-stationnement-a-marseille","status":"publish","type":"post","link":"https:\/\/www.europesays.com\/fr\/531322\/","title":{"rendered":"Un sexag\u00e9naire tire sur son voisin au revolver pour un probl\u00e8me de stationnement \u00e0 Marseille"},"content":{"rendered":"<p>Il s\u2019en est fallu de peu pour que le Raid intervienne, ce soir du mercredi 12\u00a0novembre 2025, lorsqu\u2019une d\u00e9tonation a retenti au fond d\u2019une impasse du <a href=\"https:\/\/www.laprovence.com\/article\/papier\/6022908\/un-nouveau-marche-de-producteurs-qui-sent-bon-lete.html\" target=\"_blank\" rel=\"noopener\">quartier de la Barasse<\/a>, dans le 11e arrondissement de Marseille. Vers 22h, un coup de feu a \u00e9t\u00e9 tir\u00e9 apr\u00e8s une simple querelle de voisinage, qui avait \u00e9clat\u00e9 un peu plus t\u00f4t dans la soir\u00e9e.<\/p>\n<p>Une \u00e9ni\u00e8me histoire de stationnement &#8211; sujet d\u00e9licat et r\u00e9current parmi les r\u00e9sidents de cette \u00e9troite impasse &#8211; entre deux habitants de la m\u00eame maison.<\/p>\n<p>\u00c0 la suite de la dispute entre une femme de 21\u00a0ans et son voisin du dessous, le p\u00e8re de la jeune femme, \u00e2g\u00e9 d\u2019une soixantaine d\u2019ann\u00e9es, s\u2019est pr\u00e9sent\u00e9 au portail du locataire accompagn\u00e9 de sa fille et de son fils. Mena\u00e7ant et insultant son voisin du dessous, le sexag\u00e9naire \u00e9galement d\u00e9gain\u00e9 un revolver et ouvert le feu, apr\u00e8s avoir actionn\u00e9 plusieurs fois la queue de d\u00e9tente sans effet.<\/p>\n<p>Il rentre chez lui apr\u00e8s avoir ouvert le feu<\/p>\n<p>Alors que la victime se r\u00e9fugiait chez elle pour prot\u00e9ger sa femme et s\u2019enfermer, le sexag\u00e9naire et ses enfants, toujours virulent, aurait tent\u00e9 de p\u00e9n\u00e9trer dans le logement et ouvert le feu \u00e0 plusieurs reprises \u00e0 travers la porte, par chance sans faire de victime, avant de rentrer chez lui, dans l\u2019appartement du dessus, presque comme si de rien n\u2019\u00e9tait.<\/p>\n<p>\u00c0 l\u2019arriv\u00e9e de la police, le sexag\u00e9naire toujours arm\u00e9 se trouvait ainsi potentiellement retranch\u00e9 chez lui.<\/p>\n<p>Les fonctionnaires du service de nuit d\u00e9partemental et de la Bac<a href=\"https:\/\/www.laprovence.com\/article\/faits-divers-justice\/16123400606189\/la-bac-en-premiere-ligne-a-marseille-quand-le-danger-vient-de-la-cuisine\" target=\"_blank\" rel=\"noopener\"> <\/a>ont alors mont\u00e9 une colonne pour p\u00e9n\u00e9trer dans l\u2019appartement et interpeller le voisin, ainsi que sa fille, tandis que son fils, qui avait d\u00e9j\u00e0 quitt\u00e9 les lieux, demeurait introuvable. Le sexag\u00e9naire et la jeune femme ont \u00e9t\u00e9 plac\u00e9s en garde \u00e0 vue.<\/p>\n","protected":false},"excerpt":{"rendered":"Il s\u2019en est fallu de peu pour que le Raid intervienne, ce soir du mercredi 12\u00a0novembre 2025, lorsqu\u2019une&hellip;\n","protected":false},"author":2,"featured_media":531323,"comment_status":"","ping_status":"","sticky":false,"template":"","format":"standard","meta":{"footnotes":""},"categories":[2814],"tags":[17,1111,11,1777,674,274,1011,27,884,12,471,882,25,53454,16647,3711,3356,19455,43481],"class_list":{"0":"post-531322","1":"post","2":"type-post","3":"status-publish","4":"format-standard","5":"has-post-thumbnail","7":"category-marseille","8":"tag-17","9":"tag-actu","10":"tag-actualites","11":"tag-eu","12":"tag-europe","13":"tag-faits-divers-justice","14":"tag-fr","15":"tag-france","16":"tag-marseille","17":"tag-news","18":"tag-pour","19":"tag-provence-alpes-cote-dazur","20":"tag-republique-francaise","21":"tag-revolver","22":"tag-sexagenaire","23":"tag-son","24":"tag-sur","25":"tag-tire","26":"tag-voisin"},"share_on_mastodon":{"url":"https:\/\/pubeurope.com\/@fr\/115542432620584088","error":""},"_links":{"self":[{"href":"https:\/\/www.europesays.com\/fr\/wp-json\/wp\/v2\/posts\/531322","targetHints":{"allow":["GET"]}}],"collection":[{"href":"https:\/\/www.europesays.com\/fr\/wp-json\/wp\/v2\/posts"}],"about":[{"href":"https:\/\/www.europesays.com\/fr\/wp-json\/wp\/v2\/types\/post"}],"author":[{"embeddable":true,"href":"https:\/\/www.europesays.com\/fr\/wp-json\/wp\/v2\/users\/2"}],"replies":[{"embeddable":true,"href":"https:\/\/www.europesays.com\/fr\/wp-json\/wp\/v2\/comments?post=531322"}],"version-history":[{"count":0,"href":"https:\/\/www.europesays.com\/fr\/wp-json\/wp\/v2\/posts\/531322\/revisions"}],"wp:featuredmedia":[{"embeddable":true,"href":"https:\/\/www.europesays.com\/fr\/wp-json\/wp\/v2\/media\/531323"}],"wp:attachment":[{"href":"https:\/\/www.europesays.com\/fr\/wp-json\/wp\/v2\/media?parent=531322"}],"wp:term":[{"taxonomy":"category","embeddable":true,"href":"https:\/\/www.europesays.com\/fr\/wp-json\/wp\/v2\/categories?post=531322"},{"taxonomy":"post_tag","embeddable":true,"href":"https:\/\/www.europesays.com\/fr\/wp-json\/wp\/v2\/tags?post=531322"}],"curies":[{"name":"wp","href":"https:\/\/api.w.org\/{rel}","templated":true}]}}