{"id":531324,"date":"2025-11-13T12:39:21","date_gmt":"2025-11-13T12:39:21","guid":{"rendered":"https:\/\/www.europesays.com\/fr\/531324\/"},"modified":"2025-11-13T12:39:21","modified_gmt":"2025-11-13T12:39:21","slug":"une-vente-a-5me-cet-hiver-marseille-touche-au-but","status":"publish","type":"post","link":"https:\/\/www.europesays.com\/fr\/531324\/","title":{"rendered":"Une vente \u00e0 5ME cet hiver, Marseille touche au but"},"content":{"rendered":"<p><b>R\u00e9int\u00e9gr\u00e9 dans le groupe par Roberto De Zerbi pour la r\u00e9ception de Brest le week-end dernier, Neal Maupay est toujours ind\u00e9sirable aux yeux de la direction, qui esp\u00e8re boucler son d\u00e9part cet hiver.<\/b><\/p>\n<p>Totalement inutilis\u00e9 depuis le d\u00e9but de la saison en Ligue 1, <a href=\"https:\/\/www.foot01.com\/marseille\/om-maupay-sort-du-placard-de-zerbi-a-change-davis\" target=\"_self\" rel=\"noopener\">Neal Maupay vit un brutal d\u00e9classement \u00e0 l\u2019Olympique de Marseille<\/a>. L\u2019ex-buteur de Brighton \u00e9tait titulaire la saison derni\u00e8re mais a vu Pierre-Emerick Aubameyang revenir au club et Robinio Vaz exploser, sans compter qu\u2019Amine Gouiri \u00e9tait titulaire dans l\u2019esprit de Roberto De Zerbi avant sa blessure \u00e0 l\u2019\u00e9paule. Avec une telle concurrence, Maupay a totalement disparu de la circulation. De retour dans le groupe face \u00e0 Brest samedi dernier en raison des nombreuses absences offensives, le joueur de 28 ans n\u2019est pas entr\u00e9 et plus globalement, son avenir semble toujours s\u2019\u00e9crire loin de Marseille.Maupay vendu en janvier, l&rsquo;OM y croit<\/p>\n<p> Le site Live Foot le confirme puisque selon le m\u00e9dia, un d\u00e9part de Neal Maupay cet hiver est toujours ardemment souhait\u00e9 par la direction olympienne. Comme l\u2019\u00e9t\u00e9 dernier, Pablo Longoria et Medhi Benatia ne retiendront pas leur attaquant, achet\u00e9 pour 4 millions d\u2019euros en provenance d\u2019Everton. Les dirigeants phoc\u00e9ens ont toujours tr\u00e8s bon espoir de trouver un point de chute \u00e0 Neal Maupay et ils esp\u00e8rent r\u00e9cup\u00e9rer environ 5 millions d\u2019euros dans la transaction.<\/p>\n<p> L\u2019OL \u00e9tait notamment sur les rangs il y a quelques semaines mais cette piste est \u00e0 pr\u00e9sent \u00e0 oublier pour l\u2019OM ainsi que pour le joueur puisque les Gones vont boucler l\u2019arriv\u00e9e d\u2019Endrick en pr\u00eat en provenance du Real Madrid, sauf gros retournement de situation. Reste maintenant \u00e0 voir quel sera le club pr\u00eat \u00e0 payer les 5 millions d\u2019euros exig\u00e9s par Marseille pour le d\u00e9part de Neal Maupay alors que des formations en Italie et en Turquie \u00e9taient int\u00e9ress\u00e9s par le joueur lors du pr\u00e9c\u00e9dent mercato. L\u2019OM a en tout cas bon espoir de finaliser ce d\u00e9part en janvier, avec l\u2019objectif clairement affich\u00e9 d\u2019\u00e9conomiser un gros salaire puisque le joueur n\u2019entre plus dans les plans de Roberto De Zerbi.<\/p>\n","protected":false},"excerpt":{"rendered":"R\u00e9int\u00e9gr\u00e9 dans le groupe par Roberto De Zerbi pour la r\u00e9ception de Brest le week-end dernier, Neal Maupay&hellip;\n","protected":false},"author":2,"featured_media":531325,"comment_status":"","ping_status":"","sticky":false,"template":"","format":"standard","meta":{"footnotes":""},"categories":[2814],"tags":[1111,11,1777,674,1011,27,884,12,149,882,25],"class_list":{"0":"post-531324","1":"post","2":"type-post","3":"status-publish","4":"format-standard","5":"has-post-thumbnail","7":"category-marseille","8":"tag-actu","9":"tag-actualites","10":"tag-eu","11":"tag-europe","12":"tag-fr","13":"tag-france","14":"tag-marseille","15":"tag-news","16":"tag-om","17":"tag-provence-alpes-cote-dazur","18":"tag-republique-francaise"},"share_on_mastodon":{"url":"https:\/\/pubeurope.com\/@fr\/115542436321883005","error":""},"_links":{"self":[{"href":"https:\/\/www.europesays.com\/fr\/wp-json\/wp\/v2\/posts\/531324","targetHints":{"allow":["GET"]}}],"collection":[{"href":"https:\/\/www.europesays.com\/fr\/wp-json\/wp\/v2\/posts"}],"about":[{"href":"https:\/\/www.europesays.com\/fr\/wp-json\/wp\/v2\/types\/post"}],"author":[{"embeddable":true,"href":"https:\/\/www.europesays.com\/fr\/wp-json\/wp\/v2\/users\/2"}],"replies":[{"embeddable":true,"href":"https:\/\/www.europesays.com\/fr\/wp-json\/wp\/v2\/comments?post=531324"}],"version-history":[{"count":0,"href":"https:\/\/www.europesays.com\/fr\/wp-json\/wp\/v2\/posts\/531324\/revisions"}],"wp:featuredmedia":[{"embeddable":true,"href":"https:\/\/www.europesays.com\/fr\/wp-json\/wp\/v2\/media\/531325"}],"wp:attachment":[{"href":"https:\/\/www.europesays.com\/fr\/wp-json\/wp\/v2\/media?parent=531324"}],"wp:term":[{"taxonomy":"category","embeddable":true,"href":"https:\/\/www.europesays.com\/fr\/wp-json\/wp\/v2\/categories?post=531324"},{"taxonomy":"post_tag","embeddable":true,"href":"https:\/\/www.europesays.com\/fr\/wp-json\/wp\/v2\/tags?post=531324"}],"curies":[{"name":"wp","href":"https:\/\/api.w.org\/{rel}","templated":true}]}}