{"id":531326,"date":"2025-11-13T12:40:16","date_gmt":"2025-11-13T12:40:16","guid":{"rendered":"https:\/\/www.europesays.com\/fr\/531326\/"},"modified":"2025-11-13T12:40:16","modified_gmt":"2025-11-13T12:40:16","slug":"lyon-pompiers-samu-et-ambulanciers-signent-une-convention-sur-les-urgences","status":"publish","type":"post","link":"https:\/\/www.europesays.com\/fr\/531326\/","title":{"rendered":"Lyon. Pompiers, SAMU et ambulanciers signent une convention sur les urgences"},"content":{"rendered":"<p>Dans le cadre de la mise en \u0153uvre de la r\u00e9forme des Transports Sanitaires Urgents, une convention a \u00e9t\u00e9 sign\u00e9e, le 7 novembre, entre le Service d\u2019Aide M\u00e9dicale Urgente (SAMU 69) des Hospices Civils de Lyon, l\u2019Association des Transports Sanitaires d\u2019Urgence du Rh\u00f4ne (ATSU 69), et le Service D\u00e9partemental-M\u00e9tropolitain d\u2019Incendie et de Secours (SDMIS). Cet accord \u00ab traduit une responsabilit\u00e9 partag\u00e9e et une volont\u00e9 commune d\u2019assurer une prise en charge optimale, coordonn\u00e9e et s\u00e9curis\u00e9e des patients, 24h\/24, 7j\/7, afin de garantir une r\u00e9ponse \u00e9quitable et de qualit\u00e9 sur l\u2019ensemble du territoire \u00bb, indiquent les trois entit\u00e9s dans un communiqu\u00e9 commun.<\/p>\n<p>  Un coordonnateur ambulancier<\/p>\n<p>La convention d\u00e9finit \u00ab les engagements respectifs \u00bb de chacun. Le SAMU assure la r\u00e9gulation m\u00e9dicale, d\u00e9termine le moyen de r\u00e9ponse le plus adapt\u00e9 \u00e0 la nature des appels, intervient dans le cadre de l\u2019aide m\u00e9dicale urgente et organise le transport des patients en mobilisant les acteurs du transport sanitaire urgent ; l\u2019ATSU organise la r\u00e9ponse adapt\u00e9e aux demandes du SAMU, en garantissant leur disponibilit\u00e9 et r\u00e9activit\u00e9 dans le cadre de la garde ambulanci\u00e8re ; <a href=\"https:\/\/www.leprogres.fr\/faits-divers-justice\/2025\/02\/17\/hausse-du-delai-d-arrivee-des-pompiers-sur-une-intervention-l-influence-de-plusieurs-parametres\" target=\"_blank\" rel=\"nofollow noopener\">le SDMIS intervient sur les missions de secours<\/a> et soins d\u2019urgence aux personnes et d\u2019aide m\u00e9dicale urgente, ainsi qu\u2019en cas d\u2019indisponibilit\u00e9 ambulanci\u00e8re ou de besoins sp\u00e9cifiques.<\/p>\n<p>Le texte formalise \u00ab le r\u00f4le du coordonnateur ambulancier \u00bb. Financ\u00e9 par l\u2019ARS (237 000 \u20ac pour 2024), celui-ci doit apporter une meilleure visibilit\u00e9 en temps r\u00e9el sur les moyens ambulanciers disponible.<\/p>\n","protected":false},"excerpt":{"rendered":"Dans le cadre de la mise en \u0153uvre de la r\u00e9forme des Transports Sanitaires Urgents, une convention a&hellip;\n","protected":false},"author":2,"featured_media":531327,"comment_status":"","ping_status":"","sticky":false,"template":"","format":"standard","meta":{"footnotes":""},"categories":[1889],"tags":[1111,11,2430,2757,1777,674,1011,27,2428,2756,12,25,2429,71],"class_list":{"0":"post-531326","1":"post","2":"type-post","3":"status-publish","4":"format-standard","5":"has-post-thumbnail","7":"category-lyon","8":"tag-actu","9":"tag-actualites","10":"tag-auvergne-rhone-alpes","11":"tag-edition-lyon-villeurbanne","12":"tag-eu","13":"tag-europe","14":"tag-fr","15":"tag-france","16":"tag-lyon","17":"tag-lyon-bassin","18":"tag-news","19":"tag-republique-francaise","20":"tag-rhone","21":"tag-sante"},"share_on_mastodon":{"url":"https:\/\/pubeurope.com\/@fr\/115542440519975867","error":""},"_links":{"self":[{"href":"https:\/\/www.europesays.com\/fr\/wp-json\/wp\/v2\/posts\/531326","targetHints":{"allow":["GET"]}}],"collection":[{"href":"https:\/\/www.europesays.com\/fr\/wp-json\/wp\/v2\/posts"}],"about":[{"href":"https:\/\/www.europesays.com\/fr\/wp-json\/wp\/v2\/types\/post"}],"author":[{"embeddable":true,"href":"https:\/\/www.europesays.com\/fr\/wp-json\/wp\/v2\/users\/2"}],"replies":[{"embeddable":true,"href":"https:\/\/www.europesays.com\/fr\/wp-json\/wp\/v2\/comments?post=531326"}],"version-history":[{"count":0,"href":"https:\/\/www.europesays.com\/fr\/wp-json\/wp\/v2\/posts\/531326\/revisions"}],"wp:featuredmedia":[{"embeddable":true,"href":"https:\/\/www.europesays.com\/fr\/wp-json\/wp\/v2\/media\/531327"}],"wp:attachment":[{"href":"https:\/\/www.europesays.com\/fr\/wp-json\/wp\/v2\/media?parent=531326"}],"wp:term":[{"taxonomy":"category","embeddable":true,"href":"https:\/\/www.europesays.com\/fr\/wp-json\/wp\/v2\/categories?post=531326"},{"taxonomy":"post_tag","embeddable":true,"href":"https:\/\/www.europesays.com\/fr\/wp-json\/wp\/v2\/tags?post=531326"}],"curies":[{"name":"wp","href":"https:\/\/api.w.org\/{rel}","templated":true}]}}