{"id":531329,"date":"2025-11-13T12:43:12","date_gmt":"2025-11-13T12:43:12","guid":{"rendered":"https:\/\/www.europesays.com\/fr\/531329\/"},"modified":"2025-11-13T12:43:12","modified_gmt":"2025-11-13T12:43:12","slug":"philippe-juraver-conseiller-regional-dile-de-france-est-mort-a-lage-de-65-ans","status":"publish","type":"post","link":"https:\/\/www.europesays.com\/fr\/531329\/","title":{"rendered":"Philippe Juraver, conseiller r\u00e9gional d&rsquo;\u00cele-de-France, est mort \u00e0 l&rsquo;\u00e2ge de 65 ans"},"content":{"rendered":"<p>                    Par<br \/>\n        <strong><br \/>\n            <a href=\"https:\/\/actu.fr\/auteur\/thibaut-faussabry\" title=\"Consulter tous les articles de Thibaut Faussabry\" rel=\"nofollow noopener\" target=\"_blank\">Thibaut Faussabry<\/a><br \/>\n                    <\/strong><\/p>\n<p>        Publi\u00e9 le<\/p>\n<p>            13 nov. 2025 \u00e0 13h30        <\/p>\n<p>Il a \u00e9t\u00e9 brutalement emport\u00e9 par la maladie. Le conseiller r\u00e9gional d\u2019\u00cele-de-France,<strong> Philippe Juraver<\/strong> est <strong>mort<\/strong> mercredi 12\u00a0novembre 2025 \u00e0 l\u2019\u00e2ge de 65\u00a0ans des suites d\u2019un <strong>cancer<\/strong> \u00ab\u2009foudroyant\u2009\u00bb.<br \/>L\u2019annonce de son d\u00e9c\u00e8s a d\u00e9clench\u00e9 une <strong>vague d\u2019hommages<\/strong> venus d\u2019\u00e9lus de son parti, <strong>La France Insoumise<\/strong>, mais aussi d\u2019<strong>anciens adversaires politiques<\/strong> en <a href=\"https:\/\/actu.fr\/essonne\/\" rel=\"nofollow noopener\" target=\"_blank\">Essonne<\/a>, o\u00f9 il r\u00e9sidait.<\/p>\n<p>Ancien conducteur de train sur le RER B et syndicaliste<\/p>\n<p class=\" wall-content\">Avant de s\u2019engager politiquement, Philippe Juraver a \u00e9t\u00e9 agent de la RATP, d\u2019abord en tant que commercial puis en tant que <strong>conducteur de train sur le RER B durant 17\u00a0ans<\/strong>. Une carri\u00e8re durant laquelle il a d\u00e9fendu les int\u00e9r\u00eats des salari\u00e9s, en tant que syndicaliste pour la CGT.<\/p>\n<p class=\" wall-content\">\u00c0 la retraite depuis 2012, cet habitant de <a href=\"https:\/\/actu.fr\/ile-de-france\/chilly-mazarin_91161\" rel=\"nofollow noopener\" target=\"_blank\">Chilly-Mazarin,<\/a> s\u2019est <strong>engag\u00e9 dans de nombreuses luttes syndicales<\/strong> en Essonne et au-del\u00e0.<\/p>\n<p class=\" wall-content\">Dans un <a href=\"https:\/\/www.facebook.com\/phil.juraver\/posts\/pfbid0tUvVYzAQZswRkAwFRqCNMzDmpCDAxcL6CRUJWXVF1ZVpfzvdXH7WCMQZbW9NgSy8l\" rel=\"nofollow noopener\" target=\"_blank\">message<\/a> publi\u00e9 le 22\u00a0octobre dernier sur Facebook, il expliquait \u00eatre <strong>hospitalis\u00e9<\/strong> depuis une semaine pour une \u00ab\u2009suspicion d\u2019un cancer de l\u2019\u0153sophage\u2009\u00bb.<\/p>\n<p class=\" wall-content\">De nombreuses personnes, parmi lesquelles des \u00e9lus et des anonymes, avaient alors exprim\u00e9 leur <strong>soutien<\/strong> dans les commentaires. Emport\u00e9 par la maladie, l\u2019\u00e9lu laisse derri\u00e8re son \u00e9pouse, sa fille et sa petite-fille.<\/p>\n<p>Un \u00ab\u2009infatigable d\u00e9fenseur des droits des travailleurs\u2009\u00bb<\/p>\n<p class=\" wall-content\">\u00ab\u2009Philippe incarnait ce que notre engagement a de plus humain\u2009:<strong> la fid\u00e9lit\u00e9 aux luttes, la solidarit\u00e9 concr\u00e8te, la fraternit\u00e9 militante\u2009\u00bb,<\/strong> souligne dans un <a href=\"https:\/\/x.com\/GroupeLFI_A\/status\/1988691179509280866\" rel=\"nofollow\">communiqu\u00e9<\/a> le Groupe des \u00e9lus La France insoumise et apparent\u00e9s au conseil r\u00e9gional d\u2019\u00cele-de-France qui rend hommage \u00e0 un \u00ab\u2009infatigable d\u00e9fenseur des droits des travailleurs et des usagers des <a href=\"https:\/\/actu.fr\/tag\/transport\" rel=\"nofollow noopener\" target=\"_blank\">transports<\/a>\u2009\u00bb.<\/p>\n<p class=\" wall-content\">Philippe Juraver se lance en politique en 2015, en se pr\u00e9sentant sous l\u2019\u00e9tiquette du Front de Gauche (aujourd\u2019hui disparu), aux c\u00f4t\u00e9s de Colette Jan, aux <strong>\u00e9lections d\u00e9partementales<\/strong> dans le canton de Massy. Toutefois, le bin\u00f4me est \u00e9limin\u00e9 \u00e0 l\u2019issue du premier tour.<\/p>\n<p>Votre r\u00e9gion, votre actu !<\/p>\n<p>Recevez chaque jour les infos qui comptent pour vous.<\/p>\n<p>\t<a href=\"https:\/\/actu.fr\/newsletter\" class=\"ac-btn ac-btn--corner ac-btn--medium ac-btn--blue800\" rel=\"nofollow noopener\" target=\"_blank\">S&rsquo;incrire<\/a><\/p>\n<p class=\" wall-content\">Il rejoint l\u2019ann\u00e9e suivante le parti nouvellement cr\u00e9\u00e9 <a href=\"https:\/\/actu.fr\/tag\/la-france-insoumise-lfi\" rel=\"nofollow noopener\" target=\"_blank\">La France Insoumise<\/a>, o\u00f9 il <strong>fonde et anime le r\u00e9seau des luttes.<\/strong><\/p>\n<p class=\" wall-content\">En 2017, il est candidat pour le parti aux <strong>\u00e9lections l\u00e9gislatives<\/strong> dans la 6\u1d49 circonscription de l\u2019Essonne, celle de sa ville, mais ne parvient pas \u00e0 se qualifier au second tour.<\/p>\n<p>Une expertise dans le domaine des transports et des mobilit\u00e9s<\/p>\n<p class=\" wall-content\">Deux ans plus tard, il fait partie des candidats choisis pour figurer sur la liste de La France Insoumise aux <strong>\u00e9lections europ\u00e9ennes.<\/strong><\/p>\n<p class=\" wall-content\">C\u2019est finalement en 2021, \u00e0 l\u2019issue des \u00e9lections r\u00e9gionales, que l\u2019Essonnien obtient un <strong>mandat politique.<\/strong><\/p>\n<p class=\" wall-content\">\u00c9lu en Seine-et-Marne sous la liste \u00ab\u2009Le rassemblement pour l\u2019\u00e9cologie et la solidarit\u00e9\u2009\u00bb, l\u2019ancien agent de la RATP si\u00e9geait au sein de la <strong>commission des transports et des mobilit\u00e9s.<\/strong><\/p>\n<p class=\" wall-content\">\u00ab\u2009Il aura<strong> consacr\u00e9 sa vie \u00e0 d\u00e9fendre la dignit\u00e9 du travail\u2009\u00bb<\/strong>, a soulign\u00e9 sur <a href=\"https:\/\/x.com\/vpecresse\/status\/1988716103326195893\" rel=\"nofollow\">X<\/a> la pr\u00e9sidente du conseil r\u00e9gional d\u2019\u00cele-de-France et d\u2019\u00cele-de-France Mobilit\u00e9s, Val\u00e9rie P\u00e9cresse, o\u00f9 elle fait part de sa \u00ab\u2009grande tristesse\u2009\u00bb d\u2019apprendre le d\u00e9c\u00e8s brutal de Philippe Juraver.<\/p>\n<p>\u00ab\u2009Il nous laisse orphelins de sa combativit\u00e9\u2009\u00bb<\/p>\n<p class=\" wall-content\">Apr\u00e8s la dissolution de l\u2019Assembl\u00e9e nationale en juin\u00a02024, l\u2019ex-c\u00e9g\u00e9tiste \u00e9tait <strong>reparti en campagne<\/strong> dans la 6\u1d49 circonscription en tant que suppl\u00e9ant d\u2019Hella Kribi-Romdhane.<\/p>\n<p class=\" wall-content\">\u00ab\u2009Il nous laisse orphelins de sa combativit\u00e9, son engagement sans faille pour ses valeurs et son amiti\u00e9\u2026 Dans l\u2019Essonne comme \u00e0 la R\u00e9gion, mais aussi dans ma vie personnelle, Philippe<strong> laissera une empreinte ind\u00e9l\u00e9bile<\/strong>. Je n\u2019oublierai pas les combats empreints de sinc\u00e9rit\u00e9 et de courage que nous avons port\u00e9s ensemble\u2009\u00bb, d\u00e9clare sur <a href=\"https:\/\/www.facebook.com\/hella.kribiromdhane\/posts\/pfbid02TqadNUw2UYT7qfAZDzKuhet6APFvXgGwsuq4VF3NxJC2QsbHeVzTqJmvJEhyhFTql\" rel=\"nofollow noopener\" target=\"_blank\">Facebook<\/a>, la conseill\u00e8re r\u00e9gionale du groupe P\u00f4le \u00e9cologiste<\/p>\n<p class=\" wall-content\">Qualifi\u00e9 pour le second tour, le bin\u00f4me <strong>s\u2019\u00e9tait retir\u00e9 pour faire barrage \u00e0 la candidate du Rassemblement national,<\/strong> contribuant ainsi \u00e0 la r\u00e9\u00e9lection de J\u00e9r\u00f4me Guedj.<\/p>\n<p class=\" wall-content\">\u00ab\u2009Nous avons men\u00e9 des combats ensemble, nous avions aussi des d\u00e9saccords, parfois vifs ces derniers temps, et je crois qu\u2019ils nous rendaient tristes l\u2019un et l\u2019autre, mais j\u2019aimais profond\u00e9ment<strong> sa droiture et sa rectitude morale\u2009\u00bb,<\/strong> \u00e9crit le d\u00e9put\u00e9 socialiste dans un message publi\u00e9 sur <a href=\"https:\/\/www.facebook.com\/jerome.guedj\/posts\/pfbid0gAFbuxpMA21QUmiUeJ5JjEpFB5S8FNruFAhXrqtRm9n5EUn1GLT6Zy58zbj9xRNgl\" rel=\"nofollow noopener\" target=\"_blank\">Facebook<\/a> o\u00f9 il partage sa \u00ab\u2009consternation\u2009\u00bb et sa \u00ab\u2009tristesse\u2009\u00bb.<\/p>\n<p>\u00ab\u2009Il \u00e9tait un lutteur acharn\u00e9, motivant et rassurant\u2009\u00bb<\/p>\n<p class=\" wall-content\">Adversaire politique de Philippe Juraver aux \u00e9lections l\u00e9gislatives et aux \u00e9lections r\u00e9gionales, l\u2019actuelle ministre de l\u2019Action et des Comptes publics, Am\u00e9lie de\u00a0Montchalin a salu\u00e9, sur <a href=\"https:\/\/x.com\/AdeMontchalin\/status\/1988728799824167097\" rel=\"nofollow\">X,<\/a> la m\u00e9moire d\u2019un \u00ab\u2009syndicaliste d\u00e9termin\u00e9\u2009\u00bb et d\u2019un \u00ab\u2009homme de conviction\u2009\u00bb, qui <strong>\u00ab\u2009d\u00e9fendait avec force ses id\u00e9es\u2009\u00bb.<\/strong><\/p>\n<p class=\" wall-content\">\u00ab\u2009Il n\u2019a jamais manqu\u00e9 une fois d\u2019\u00eatre <strong>au premier rang des solidarit\u00e9s<\/strong> quand les travailleurs l\u2019appelaient. Doux et bienveillant avec tous, il \u00e9tait un lutteur acharn\u00e9, motivant et rassurant\u2009\u00bb, rend hommage sur <a href=\"https:\/\/www.facebook.com\/JLMelenchon\/posts\/pfbid0jGLeivjcCN7YmHtyzQvnthK8a3fjasGJHs8TJjbexDuxdLQxdriZPZPFFU7eLzx3l\" rel=\"nofollow noopener\" target=\"_blank\">Facebook<\/a>, le fondateur de La France Insoumise, Jean-Luc M\u00e9lenchon.<\/p>\n<p class=\" wall-content\">Personnalisez votre actualit\u00e9 en ajoutant vos villes et m\u00e9dias en favori avec <a href=\"https:\/\/moncompte.actu.fr\" title=\"D\u00e9couvez Mon Actu\" rel=\"nofollow noopener\" data-trk=\"{&quot;cta&quot;:{&quot;action&quot;:&quot;https:\\\/\\\/moncompte.actu.fr&quot;,&quot;category&quot;:&quot;mon compte&quot;,&quot;from&quot;:&quot;article footer&quot;,&quot;name&quot;:&quot;Mon actu&quot;,&quot;type&quot;:&quot;cta&quot;}}\" target=\"_blank\">Mon Actu<\/a>.<\/p>\n","protected":false},"excerpt":{"rendered":"Par Thibaut Faussabry Publi\u00e9 le 13 nov. 2025 \u00e0 13h30 Il a \u00e9t\u00e9 brutalement emport\u00e9 par la maladie.&hellip;\n","protected":false},"author":2,"featured_media":531330,"comment_status":"","ping_status":"","sticky":false,"template":"","format":"standard","meta":{"footnotes":""},"categories":[1592],"tags":[1111,11,1777,674,1011,27,662,1023,1391,12,626,316,25,2803],"class_list":{"0":"post-531329","1":"post","2":"type-post","3":"status-publish","4":"format-standard","5":"has-post-thumbnail","7":"category-ile-de-france","8":"tag-actu","9":"tag-actualites","10":"tag-eu","11":"tag-europe","12":"tag-fr","13":"tag-france","14":"tag-ile-de-france","15":"tag-la-france-insoumise-lfi","16":"tag-necrologie","17":"tag-news","18":"tag-paris","19":"tag-politique","20":"tag-republique-francaise","21":"tag-transport"},"share_on_mastodon":{"url":"https:\/\/pubeurope.com\/@fr\/115542452132575905","error":""},"_links":{"self":[{"href":"https:\/\/www.europesays.com\/fr\/wp-json\/wp\/v2\/posts\/531329","targetHints":{"allow":["GET"]}}],"collection":[{"href":"https:\/\/www.europesays.com\/fr\/wp-json\/wp\/v2\/posts"}],"about":[{"href":"https:\/\/www.europesays.com\/fr\/wp-json\/wp\/v2\/types\/post"}],"author":[{"embeddable":true,"href":"https:\/\/www.europesays.com\/fr\/wp-json\/wp\/v2\/users\/2"}],"replies":[{"embeddable":true,"href":"https:\/\/www.europesays.com\/fr\/wp-json\/wp\/v2\/comments?post=531329"}],"version-history":[{"count":0,"href":"https:\/\/www.europesays.com\/fr\/wp-json\/wp\/v2\/posts\/531329\/revisions"}],"wp:featuredmedia":[{"embeddable":true,"href":"https:\/\/www.europesays.com\/fr\/wp-json\/wp\/v2\/media\/531330"}],"wp:attachment":[{"href":"https:\/\/www.europesays.com\/fr\/wp-json\/wp\/v2\/media?parent=531329"}],"wp:term":[{"taxonomy":"category","embeddable":true,"href":"https:\/\/www.europesays.com\/fr\/wp-json\/wp\/v2\/categories?post=531329"},{"taxonomy":"post_tag","embeddable":true,"href":"https:\/\/www.europesays.com\/fr\/wp-json\/wp\/v2\/tags?post=531329"}],"curies":[{"name":"wp","href":"https:\/\/api.w.org\/{rel}","templated":true}]}}