{"id":531333,"date":"2025-11-13T12:45:18","date_gmt":"2025-11-13T12:45:18","guid":{"rendered":"https:\/\/www.europesays.com\/fr\/531333\/"},"modified":"2025-11-13T12:45:18","modified_gmt":"2025-11-13T12:45:18","slug":"a-night-at-dave-plongee-dans-le-paris-secret-et-artistique-dun-restaurant-culte","status":"publish","type":"post","link":"https:\/\/www.europesays.com\/fr\/531333\/","title":{"rendered":"A Night at Dav\u00e9, plong\u00e9e dans le Paris secret et artistique d\u2019un restaurant culte"},"content":{"rendered":"<p>Entre la rue Saint-Roch et la rue de Richelieu se cachait un restaurant devenu l\u00e9gendaire. Chez Dav\u00e9, on ne venait pas pour \u00eatre vu, mais pour se retrouver, \u00e9changer et partager. Le livre A Night at Dav\u00e9 nous plonge dans cette atmosph\u00e8re unique \u00e0 travers les polaro\u00efds de Dav\u00e9, les t\u00e9moignages de ses habitu\u00e9s et des \u0153uvres offertes par ses amis artistes.<\/p>\n<p><img decoding=\"async\" alt=\"Dave\u0301 Tim Burton  Lisa Marie\" loading=\"lazy\" class=\"ResponsiveImageContainer-eNxvmU cfBbTk responsive-image__image\"   src=\"https:\/\/www.europesays.com\/fr\/wp-content\/uploads\/2025\/11\/Dave%CC%81,%20Tim%20Burton%20&#038;%20Lisa%20Marie%20copy.jpg\"\/><\/p>\n<p>Dav\u00e9, Tim Burton et Lisa Marie<\/p>\n<p>\u00a9 Dav\u00e9Chez Dav\u00e9, un sanctuaire discret et convoit\u00e9<\/p>\n<p>Chez Dav\u00e9, chaque visite \u00e9tait un privil\u00e8ge. Ouvert mais toujours complet, le restaurant offrait une exp\u00e9rience rare : pas de carte, un accueil chaleureux et une intimit\u00e9 soigneusement pr\u00e9serv\u00e9e. Les habitu\u00e9s (de <strong>Helmut Newton<\/strong> et sa femme June \u00e0 <strong>Grace Coddington<\/strong>, <strong>Bernardo Bertolucci<\/strong>, <strong>Allen Ginsberg<\/strong> ou <strong>Yves Saint Laurent<\/strong>) savaient que l\u2019essentiel se passait derri\u00e8re la porte, loin des projecteurs. Pendant plus de trente ans, ce lieu fut \u00e0 la fois un secret bien gard\u00e9 et l\u2019un des <a href=\"https:\/\/www.vogue.fr\/dossier\/restaurants\" isautogenerated=\"true\" target=\"_blank\" rel=\"noopener\">restaurants<\/a> les plus courus de <a href=\"https:\/\/www.vogue.fr\/dossier\/paris\" isautogenerated=\"true\" target=\"_blank\" rel=\"noopener\">Paris<\/a>, o\u00f9 l\u2019on venait autant pour l\u2019atmosph\u00e8re que pour le repas.<\/p>\n","protected":false},"excerpt":{"rendered":"Entre la rue Saint-Roch et la rue de Richelieu se cachait un restaurant devenu l\u00e9gendaire. Chez Dav\u00e9, on&hellip;\n","protected":false},"author":2,"featured_media":531334,"comment_status":"","ping_status":"","sticky":false,"template":"","format":"standard","meta":{"footnotes":""},"categories":[1888],"tags":[1111,1928,11,1927,1777,674,1011,27,1380,12,1926,626,1925,25,2923],"class_list":{"0":"post-531333","1":"post","2":"type-post","3":"status-publish","4":"format-standard","5":"has-post-thumbnail","7":"category-paris","8":"tag-actu","9":"tag-actu-paris","10":"tag-actualites","11":"tag-actualites-paris","12":"tag-eu","13":"tag-europe","14":"tag-fr","15":"tag-france","16":"tag-livres","17":"tag-news","18":"tag-news-paris","19":"tag-paris","20":"tag-paris-news","21":"tag-republique-francaise","22":"tag-restaurants"},"share_on_mastodon":{"url":"https:\/\/pubeurope.com\/@fr\/115542460549293363","error":""},"_links":{"self":[{"href":"https:\/\/www.europesays.com\/fr\/wp-json\/wp\/v2\/posts\/531333","targetHints":{"allow":["GET"]}}],"collection":[{"href":"https:\/\/www.europesays.com\/fr\/wp-json\/wp\/v2\/posts"}],"about":[{"href":"https:\/\/www.europesays.com\/fr\/wp-json\/wp\/v2\/types\/post"}],"author":[{"embeddable":true,"href":"https:\/\/www.europesays.com\/fr\/wp-json\/wp\/v2\/users\/2"}],"replies":[{"embeddable":true,"href":"https:\/\/www.europesays.com\/fr\/wp-json\/wp\/v2\/comments?post=531333"}],"version-history":[{"count":0,"href":"https:\/\/www.europesays.com\/fr\/wp-json\/wp\/v2\/posts\/531333\/revisions"}],"wp:featuredmedia":[{"embeddable":true,"href":"https:\/\/www.europesays.com\/fr\/wp-json\/wp\/v2\/media\/531334"}],"wp:attachment":[{"href":"https:\/\/www.europesays.com\/fr\/wp-json\/wp\/v2\/media?parent=531333"}],"wp:term":[{"taxonomy":"category","embeddable":true,"href":"https:\/\/www.europesays.com\/fr\/wp-json\/wp\/v2\/categories?post=531333"},{"taxonomy":"post_tag","embeddable":true,"href":"https:\/\/www.europesays.com\/fr\/wp-json\/wp\/v2\/tags?post=531333"}],"curies":[{"name":"wp","href":"https:\/\/api.w.org\/{rel}","templated":true}]}}