{"id":531337,"date":"2025-11-13T12:47:10","date_gmt":"2025-11-13T12:47:10","guid":{"rendered":"https:\/\/www.europesays.com\/fr\/531337\/"},"modified":"2025-11-13T12:47:10","modified_gmt":"2025-11-13T12:47:10","slug":"en-direct-10-ans-du-13-novembre-les-commemorations-se-poursuivent-devant-les-terrasses-liberation","status":"publish","type":"post","link":"https:\/\/www.europesays.com\/fr\/531337\/","title":{"rendered":"EN DIRECT &#8211; 10\u00a0ans du 13\u00a0Novembre\u00a0: les comm\u00e9morations se poursuivent devant les terrasses \u2013 Lib\u00e9ration"},"content":{"rendered":"<p class=\"sc-cPiKLX AiZTS text-element\">Sur la terrasse de l\u2019Angelus du Canal, son restaurant proche du Carillon (Paris, Xe), Valentin pianote sur son ordinateur, en r\u00e9pondant aux bonjours chaleureux des habitants du quartier. Le 13 novembre 2015, il avait 17 ans. Il \u00e9tait chez ses parents, non loin de l\u00e0, \u00e0 Strasbourg-Saint-Denis. \u00abJe pense qu\u2019on a tous une mani\u00e8re tr\u00e8s diff\u00e9rente de se souvenir de ce soir-l\u00e0, note-t-il. Nous, c\u2019\u00e9tait surtout sonore.\u00bb Les sir\u00e8nes, les h\u00e9licos : des ann\u00e9es apr\u00e8s, les bruits r\u00e9sonnent encore. Pour Valentin, \u00able devoir de m\u00e9moire est essentiel\u00bb. Ce matin, et la veille \u00e9galement, il est all\u00e9 d\u00e9poser des fleurs et une bougie, avant les comm\u00e9morations officielles. \u00abC\u2019\u00e9tait plus calme.\u00bb<\/p>\n","protected":false},"excerpt":{"rendered":"Sur la terrasse de l\u2019Angelus du Canal, son restaurant proche du Carillon (Paris, Xe), Valentin pianote sur son&hellip;\n","protected":false},"author":2,"featured_media":531338,"comment_status":"","ping_status":"","sticky":false,"template":"","format":"standard","meta":{"footnotes":""},"categories":[1888],"tags":[11,65016,23398,1777,674,1011,27,12,626,25,1254],"class_list":{"0":"post-531337","1":"post","2":"type-post","3":"status-publish","4":"format-standard","5":"has-post-thumbnail","7":"category-paris","8":"tag-actualites","9":"tag-attentats-paris-13-novembre","10":"tag-etat-islamique","11":"tag-eu","12":"tag-europe","13":"tag-fr","14":"tag-france","15":"tag-news","16":"tag-paris","17":"tag-republique-francaise","18":"tag-terrorisme"},"share_on_mastodon":{"url":"","error":""},"_links":{"self":[{"href":"https:\/\/www.europesays.com\/fr\/wp-json\/wp\/v2\/posts\/531337","targetHints":{"allow":["GET"]}}],"collection":[{"href":"https:\/\/www.europesays.com\/fr\/wp-json\/wp\/v2\/posts"}],"about":[{"href":"https:\/\/www.europesays.com\/fr\/wp-json\/wp\/v2\/types\/post"}],"author":[{"embeddable":true,"href":"https:\/\/www.europesays.com\/fr\/wp-json\/wp\/v2\/users\/2"}],"replies":[{"embeddable":true,"href":"https:\/\/www.europesays.com\/fr\/wp-json\/wp\/v2\/comments?post=531337"}],"version-history":[{"count":0,"href":"https:\/\/www.europesays.com\/fr\/wp-json\/wp\/v2\/posts\/531337\/revisions"}],"wp:featuredmedia":[{"embeddable":true,"href":"https:\/\/www.europesays.com\/fr\/wp-json\/wp\/v2\/media\/531338"}],"wp:attachment":[{"href":"https:\/\/www.europesays.com\/fr\/wp-json\/wp\/v2\/media?parent=531337"}],"wp:term":[{"taxonomy":"category","embeddable":true,"href":"https:\/\/www.europesays.com\/fr\/wp-json\/wp\/v2\/categories?post=531337"},{"taxonomy":"post_tag","embeddable":true,"href":"https:\/\/www.europesays.com\/fr\/wp-json\/wp\/v2\/tags?post=531337"}],"curies":[{"name":"wp","href":"https:\/\/api.w.org\/{rel}","templated":true}]}}