{"id":531345,"date":"2025-11-13T12:51:16","date_gmt":"2025-11-13T12:51:16","guid":{"rendered":"https:\/\/www.europesays.com\/fr\/531345\/"},"modified":"2025-11-13T12:51:16","modified_gmt":"2025-11-13T12:51:16","slug":"apple-fait-appel-apres-sa-defaite","status":"publish","type":"post","link":"https:\/\/www.europesays.com\/fr\/531345\/","title":{"rendered":"Apple fait appel apr\u00e8s sa d\u00e9faite"},"content":{"rendered":"<p><img class=\"lazy\" decoding=\"async\" src=\"https:\/\/www.europesays.com\/fr\/wp-content\/uploads\/2025\/11\/royaume-uni-apple-veut-faire-appel-apres-defaite-face-developpeurs.jpg\" style=\"max-width:100%;\" title=\"Royaume\u2011Uni : Apple veut faire appel apr\u00e8s sa d\u00e9faite face aux d\u00e9veloppeurs\" alt=\"royaume uni apple veut faire appel apres defaite face developpeurs Royaume\u2011Uni : Apple veut faire appel apr\u00e8s sa d\u00e9faite face aux d\u00e9veloppeurs\"\/><\/p>\n<p>Apple demande l\u2019autorisation d\u2019interjeter appel de la d\u00e9cision du Competition Appeal Tribunal (CAT) dans le dossier intent\u00e9 par des d\u00e9veloppeurs britanniques. Une audience se tient aujourd\u2019hui pour fixer la m\u00e9thode de calcul des dommages, estim\u00e9s entre 1 et 2 milliards de livres sterling (1,3 \u00e0 2,6 milliards de dollars) si le jugement est confirm\u00e9.<\/p>\n<p>Contexte<\/p>\n<p>Le recours, d\u00e9pos\u00e9 en 2023 au nom de plus de 1 500 d\u00e9veloppeurs, accuse Apple d\u2019imposer des commissions jug\u00e9es abusives sur les ventes d\u2019apps et d\u2019abonnements. Le mois dernier, le CAT a donn\u00e9 raison aux d\u00e9veloppeurs et estim\u00e9 que les utilisateurs d\u2019iPhone ont \u00e9t\u00e9 l\u00e9s\u00e9s, les commissions excessives \u00e9tant r\u00e9percut\u00e9es sur les prix des apps. Le tribunal a rappel\u00e9 une d\u00e9claration de Steve Jobs en 2008 selon laquelle l\u2019App Store n\u2019avait pas vocation \u00e0 g\u00e9n\u00e9rer des profits, mais \u00e0 couvrir ses co\u00fbts.<\/p>\n<p>L\u2019essentiel de l\u2019audience du jour<\/p>\n<p>Le CAT doit d\u00e9finir la m\u00e9thode de calcul des dommages dus aux d\u00e9veloppeurs et aux consommateurs. Le montant pr\u00e9cis sera d\u00e9termin\u00e9 l\u2019an prochain.<\/p>\n<p>Les arguments avanc\u00e9s par Apple<\/p>\n<ul>\n<li><strong>D\u00e9finition du march\u00e9 pertinent<\/strong> : Apple soutient ne pas d\u00e9tenir de position dominante si le march\u00e9 pertinent est celui des \u00ab apps mobiles \u00bb, o\u00f9 sa part reste minoritaire. R\u00e9gulateurs et juridictions retiennent g\u00e9n\u00e9ralement le march\u00e9 des apps iPhone, sur lequel Apple d\u00e9tient un monopole de fait pour la distribution.<\/li>\n<li><strong>Confidentialit\u00e9 et s\u00e9curit\u00e9<\/strong> : le CAT reconna\u00eet l\u2019importance des garanties de l\u2019App Store, mais estime que ces objectifs peuvent \u00eatre atteints par d\u2019autres moyens. Apple argue que les m\u00eames standards ne peuvent \u00eatre assur\u00e9s en dehors de l\u2019App Store. Dans l\u2019Union europ\u00e9enne, Apple doit par exemple examiner et notariser les apps vendues via des boutiques tierces.<\/li>\n<li><strong>Valeur de la propri\u00e9t\u00e9 intellectuelle<\/strong> : Apple met en avant ses investissements et ses outils (dont Xcode) et consid\u00e8re l\u00e9gitime de les rentabiliser. Le tribunal para\u00eet attendre une mise \u00e0 disposition sans contrepartie excessive.<\/li>\n<li><strong>Pr\u00e9judice consommateur<\/strong> : Apple s\u2019appuie sur une \u00e9tude financ\u00e9e par l\u2019entreprise, publi\u00e9e r\u00e9cemment, pour soutenir que des commissions plus faibles n\u2019affecteraient que marginalement les prix des apps.<\/li>\n<\/ul>\n<p>Proc\u00e9dure et prochaines \u00e9tapes<\/p>\n<p>Au Royaume\u2011Uni, la partie perdante doit obtenir l\u2019autorisation d\u2019appel. Trois issues sont possibles : autorisation imm\u00e9diate, d\u00e9cision r\u00e9serv\u00e9e, ou refus. En cas de refus, une saisine de la Court of Appeal peut \u00eatre form\u00e9e pour contester cette d\u00e9cision. Le montant des dommages n\u2019est pas attendu avant l\u2019an prochain.<\/p>\n","protected":false},"excerpt":{"rendered":"Apple demande l\u2019autorisation d\u2019interjeter appel de la d\u00e9cision du Competition Appeal Tribunal (CAT) dans le dossier intent\u00e9 par&hellip;\n","protected":false},"author":2,"featured_media":531346,"comment_status":"","ping_status":"","sticky":false,"template":"","format":"standard","meta":{"footnotes":""},"categories":[1588],"tags":[11,1777,674,12,473,1853,1851,1850,1852],"class_list":{"0":"post-531345","1":"post","2":"type-post","3":"status-publish","4":"format-standard","5":"has-post-thumbnail","7":"category-royaume-uni","8":"tag-actualites","9":"tag-eu","10":"tag-europe","11":"tag-news","12":"tag-royaume-uni","13":"tag-royaume-uni-de-grande-bretagne-et-dirlande-du-nord","14":"tag-uk","15":"tag-united-kingdom","16":"tag-united-kingdom-of-great-britain-and-northern-ireland"},"share_on_mastodon":{"url":"https:\/\/pubeurope.com\/@fr\/115542483684256419","error":""},"_links":{"self":[{"href":"https:\/\/www.europesays.com\/fr\/wp-json\/wp\/v2\/posts\/531345","targetHints":{"allow":["GET"]}}],"collection":[{"href":"https:\/\/www.europesays.com\/fr\/wp-json\/wp\/v2\/posts"}],"about":[{"href":"https:\/\/www.europesays.com\/fr\/wp-json\/wp\/v2\/types\/post"}],"author":[{"embeddable":true,"href":"https:\/\/www.europesays.com\/fr\/wp-json\/wp\/v2\/users\/2"}],"replies":[{"embeddable":true,"href":"https:\/\/www.europesays.com\/fr\/wp-json\/wp\/v2\/comments?post=531345"}],"version-history":[{"count":0,"href":"https:\/\/www.europesays.com\/fr\/wp-json\/wp\/v2\/posts\/531345\/revisions"}],"wp:featuredmedia":[{"embeddable":true,"href":"https:\/\/www.europesays.com\/fr\/wp-json\/wp\/v2\/media\/531346"}],"wp:attachment":[{"href":"https:\/\/www.europesays.com\/fr\/wp-json\/wp\/v2\/media?parent=531345"}],"wp:term":[{"taxonomy":"category","embeddable":true,"href":"https:\/\/www.europesays.com\/fr\/wp-json\/wp\/v2\/categories?post=531345"},{"taxonomy":"post_tag","embeddable":true,"href":"https:\/\/www.europesays.com\/fr\/wp-json\/wp\/v2\/tags?post=531345"}],"curies":[{"name":"wp","href":"https:\/\/api.w.org\/{rel}","templated":true}]}}