{"id":531348,"date":"2025-11-13T12:52:13","date_gmt":"2025-11-13T12:52:13","guid":{"rendered":"https:\/\/www.europesays.com\/fr\/531348\/"},"modified":"2025-11-13T12:52:13","modified_gmt":"2025-11-13T12:52:13","slug":"le-role-de-lallemagne-dans-un-revirement-diplomatique","status":"publish","type":"post","link":"https:\/\/www.europesays.com\/fr\/531348\/","title":{"rendered":"le r\u00f4le de l&rsquo;Allemagne dans un revirement diplomatique"},"content":{"rendered":"<p>Ancien haut fonctionnaire au minist\u00e8re alg\u00e9rien de l\u2019Industrie, Sansal a pris sa retraite pour se consacrer \u00e0 l\u2019\u00e9criture de romans connus pour leurs critiques de l\u2019islamisme et du gouvernement alg\u00e9rien. Ces prises de position lui ont valu d\u2019\u00eatre arr\u00eat\u00e9 en novembre 2024, puis condamn\u00e9 en appel \u00e0 cinq ans de prison pour \u00ab atteinte \u00e0 l\u2019unit\u00e9 nationale \u00bb.<\/p>\n<p>Cette affaire s\u2019inscrit dans un contexte de forte d\u00e9t\u00e9rioration des relations diplomatiques entre la France et l\u2019Alg\u00e9rie, la premi\u00e8re ayant \u00e0 plusieurs reprises demand\u00e9 sa lib\u00e9ration, sans succ\u00e8s.<\/p>\n<p class=\"p-empty\">\u00a0<\/p>\n<p>L&rsquo;intervention d\u00e9cisive de l&rsquo;Allemagne<\/p>\n<p>Entrant en sc\u00e8ne comme tiers neutre et de confiance, le pr\u00e9sident allemand Frank-Walter Steinmeier a officiellement demand\u00e9 \u00e0 son homologue alg\u00e9rien Abdelmadjid Tebboune de gracier Sansal pour des raisons humanitaires, invoquant son \u00e2ge et son \u00e9tat de sant\u00e9. Il a \u00e9galement propos\u00e9 d\u2019organiser son transfert en Allemagne.<\/p>\n<p>Agissant dans la discr\u00e9tion et privil\u00e9giant une diplomatie feutr\u00e9e plut\u00f4t qu\u2019une pression publique, l\u2019Allemagne a jou\u00e9 un r\u00f4le d\u00e9cisif dans la r\u00e9solution de cette crise. Son implication a permis \u00e0 l\u2019Alg\u00e9rie d\u2019accorder la gr\u00e2ce sans donner l\u2019impression de c\u00e9der aux demandes fran\u00e7aises.<\/p>\n<p>Cette m\u00e9diation renforce le r\u00f4le de l\u2019Allemagne comme interlocuteur diplomatique majeur et consolide ses liens avec Alger. Elle souligne \u00e9galement un glissement des relations r\u00e9gionales, le choix de l\u2019Alg\u00e9rie d\u2019envoyer Sansal \u00e0 Berlin plut\u00f4t qu\u2019\u00e0 Paris \u00e9tant symboliquement r\u00e9v\u00e9lateur.<\/p>\n<p>La lib\u00e9ration de Boualem Sansal met ainsi en lumi\u00e8re l&rsquo;importance des m\u00e9diations diplomatiques men\u00e9es par des tiers. Dans un contexte de tensions et de relations changeantes entre la France, l&rsquo;Alg\u00e9rie et l&rsquo;Allemagne, l&rsquo;engagement discret mais efficace de cette derni\u00e8re a permis \u00e0 l&rsquo;Alg\u00e9rie d&rsquo;agir sans donner l&rsquo;impression de c\u00e9der \u00e0 la pression fran\u00e7aise, faisant subtilement pencher la balance diplomatique r\u00e9gionale en faveur de Berlin.<\/p>\n<p><br style=\"font-style:normal;font-weight:400;text-align:start;white-space:normal;text-decoration:none;color:#000000\"\/><br \/>\n\u00a0<\/p>\n<p>Pour recevoir gratuitement notre newsletter, inscrivez-vous en cliquant sur l\u2019ic\u00f4ne enveloppe en haut de la page !<br \/>Pour nous suivre sur\u00a0<a href=\"https:\/\/www.facebook.com\/LPJAllemagne\/\" target=\"_blank\" rel=\"nofollow noopener\">Facebook<\/a>,\u00a0<a href=\"https:\/\/twitter.com\/LPJ_Allemagne\" target=\"_blank\" rel=\"nofollow noopener\">Twitter<\/a>,\u00a0<a href=\"https:\/\/www.linkedin.com\/company\/lepetitjournal-com-allemagne\" target=\"_blank\" rel=\"nofollow noopener\">LinkedIn<\/a>\u00a0et\u00a0<a href=\"https:\/\/www.instagram.com\/lpj_allemagne\/\" target=\"_blank\" rel=\"nofollow noopener\">Instagram<\/a>.<\/p>\n<p><script async src=\"https:\/\/platform.twitter.com\/widgets.js\" charset=\"utf-8\"><\/script><script async src=\"\/\/www.instagram.com\/embed.js\"><\/script><\/p>\n","protected":false},"excerpt":{"rendered":"Ancien haut fonctionnaire au minist\u00e8re alg\u00e9rien de l\u2019Industrie, Sansal a pris sa retraite pour se consacrer \u00e0 l\u2019\u00e9criture&hellip;\n","protected":false},"author":2,"featured_media":531349,"comment_status":"","ping_status":"","sticky":false,"template":"","format":"standard","meta":{"footnotes":""},"categories":[1587],"tags":[11,672,1804,1805,1803,1777,674,1801,12,1802],"class_list":{"0":"post-531348","1":"post","2":"type-post","3":"status-publish","4":"format-standard","5":"has-post-thumbnail","7":"category-allemagne","8":"tag-actualites","9":"tag-allemagne","10":"tag-bundesrepublik-deutschland","11":"tag-de","12":"tag-deutschland","13":"tag-eu","14":"tag-europe","15":"tag-germany","16":"tag-news","17":"tag-republique-federale-dallemagne"},"share_on_mastodon":{"url":"https:\/\/pubeurope.com\/@fr\/115542487754348127","error":""},"_links":{"self":[{"href":"https:\/\/www.europesays.com\/fr\/wp-json\/wp\/v2\/posts\/531348","targetHints":{"allow":["GET"]}}],"collection":[{"href":"https:\/\/www.europesays.com\/fr\/wp-json\/wp\/v2\/posts"}],"about":[{"href":"https:\/\/www.europesays.com\/fr\/wp-json\/wp\/v2\/types\/post"}],"author":[{"embeddable":true,"href":"https:\/\/www.europesays.com\/fr\/wp-json\/wp\/v2\/users\/2"}],"replies":[{"embeddable":true,"href":"https:\/\/www.europesays.com\/fr\/wp-json\/wp\/v2\/comments?post=531348"}],"version-history":[{"count":0,"href":"https:\/\/www.europesays.com\/fr\/wp-json\/wp\/v2\/posts\/531348\/revisions"}],"wp:featuredmedia":[{"embeddable":true,"href":"https:\/\/www.europesays.com\/fr\/wp-json\/wp\/v2\/media\/531349"}],"wp:attachment":[{"href":"https:\/\/www.europesays.com\/fr\/wp-json\/wp\/v2\/media?parent=531348"}],"wp:term":[{"taxonomy":"category","embeddable":true,"href":"https:\/\/www.europesays.com\/fr\/wp-json\/wp\/v2\/categories?post=531348"},{"taxonomy":"post_tag","embeddable":true,"href":"https:\/\/www.europesays.com\/fr\/wp-json\/wp\/v2\/tags?post=531348"}],"curies":[{"name":"wp","href":"https:\/\/api.w.org\/{rel}","templated":true}]}}