{"id":531358,"date":"2025-11-13T12:57:12","date_gmt":"2025-11-13T12:57:12","guid":{"rendered":"https:\/\/www.europesays.com\/fr\/531358\/"},"modified":"2025-11-13T12:57:12","modified_gmt":"2025-11-13T12:57:12","slug":"un-reseau-qui-faisait-passer-des-migrants-mineurs-despagne-en-france-demantele-11-personnes-arretees","status":"publish","type":"post","link":"https:\/\/www.europesays.com\/fr\/531358\/","title":{"rendered":"Un r\u00e9seau qui faisait passer des migrants mineurs d\u2019Espagne en France d\u00e9mantel\u00e9, 11 personnes arr\u00eat\u00e9es"},"content":{"rendered":"<p>\n    L\u2019organisation utilisait des contacts en C\u00f4te d\u2019Ivoire pour falsifier des documents et disposait d\u2019infrastructures logistiques au Maroc, tandis que l\u2019enqu\u00eate reste ouverte pour retrouver tous les mineurs disparus.<\/p>\n<p class=\"fig-paragraph\">La police espagnole a annonc\u00e9 jeudi le d\u00e9mant\u00e8lement d&rsquo;<a href=\"http:\/\/www.lefigaro.fr\/marseille\/corruption-go-fast-et-hotel-vereux-les-dessous-d-un-tentaculaire-reseau-de-passeurs-de-migrants-entre-l-espagne-et-marseille-20250321\" data-fig-type=\"NewsFlash\" data-gtm-custom-categorie=\"navigation\" data-gtm-custom-action=\"crossclick\" data-gtm-custom-label=\"Contextuel\" data-gtm-event=\"customEventSPE\" data-fig-domain=\"LEFIGARO\" target=\"_blank\" rel=\"noopener\">un r\u00e9seau criminel<\/a>\u00a0qui faisait passer des migrants mineurs des<a href=\"http:\/\/www.lefigaro.fr\/international\/espagne-46-843-migrants-irreguliers-sont-arrives-aux-iles-canaries-en-2024-un-record-20250102\" data-fig-type=\"NewsFlash\" data-gtm-custom-categorie=\"navigation\" data-gtm-custom-action=\"crossclick\" data-gtm-custom-label=\"Contextuel\" data-gtm-event=\"customEventSPE\" data-fig-domain=\"LEFIGARO\" target=\"_blank\" rel=\"noopener\">\u00a0\u00eeles Canaries,<\/a>\u00a0o\u00f9 ils arrivaient depuis le Maroc, jusqu&rsquo;en France, lors d&rsquo;une op\u00e9ration qui s&rsquo;est sold\u00e9e par 11 arrestations.<\/p>\n<p class=\"fig-paragraph\">\u00abL&rsquo;organisation disposait de moyens logistiques au Maroc pour le transfert\u00bb des mineurs jusqu&rsquo;\u00e0 l&rsquo;archipel espagnol situ\u00e9 dans l&rsquo;Atlantique, et \u00abde contacts en C\u00f4te d&rsquo;Ivoire pour l&rsquo;envoi de documents falsifi\u00e9s\u00bb permettant d&rsquo;obtenir de faux papiers pour ces jeunes afin de les emmener en France, a d\u00e9taill\u00e9 la police nationale dans un communiqu\u00e9.<\/p>\n<p>                                    <a class=\"fig-a11y-skip a11y-hidden\" href=\"#fig-a11y-skip-main-inarticle\"><br \/>\n        Passer la publicit\u00e9<br \/>\n    <\/a><\/p>\n<p class=\"fig-paragraph\">L&rsquo;enqu\u00eate a commenc\u00e9 apr\u00e8s la disparition de 14 mineurs de deux centres d&rsquo;accueil, sur l&rsquo;\u00eele de Lanzarote et \u00e0 Grande Canarie, entre novembre 2024 et mai 2025.<\/p>\n<p>Quatre personnes plac\u00e9es en d\u00e9tention provisoire<\/p>\n<p class=\"fig-paragraph\">Au cours des derniers mois, des agents ont notamment arr\u00eat\u00e9 une personne de nationalit\u00e9 mauritanienne alors qu&rsquo;elle tentait d&#8217;embarquer dans un avion \u00e0 destination de Madrid avec trois mineurs sans autorisation du centre d&rsquo;accueil o\u00f9 ils avaient \u00e9t\u00e9 h\u00e9berg\u00e9s, selon la police. Une jeune fille d&rsquo;abord prise pour une mineure s&rsquo;est av\u00e9r\u00e9e \u00eatre majeure et a \u00e9t\u00e9 finalement interpell\u00e9e elle aussi. Les enqu\u00eateurs ont effectu\u00e9 deux perquisitions dans des domiciles \u00e0 Lanzarote, au cours desquelles ils ont saisi de nombreux documents, des dispositifs \u00e9lectroniques et de l&rsquo;argent liquide appartenant au r\u00e9seau.<\/p>\n<p class=\"fig-paragraph\">Au total, la police a arr\u00eat\u00e9 11 personnes, neuf \u00e0 Lanzarote, une \u00e0 Grande Canarie et une autre \u00e0 Madrid. Quatre d&rsquo;entre elles ont \u00e9t\u00e9 plac\u00e9es en d\u00e9tention provisoire, soup\u00e7onn\u00e9es de plusieurs d\u00e9lits, notamment appartenance \u00e0 une organisation criminelle, falsification de documents, trafic ill\u00e9gal de personnes et\u00a0<a href=\"http:\/\/www.lefigaro.fr\/international\/un-vaste-reseau-de-pornographie-infantile-en-ligne-demantele-en-italie-20250228\" data-fig-type=\"NewsFlash\" data-gtm-custom-categorie=\"navigation\" data-gtm-custom-action=\"crossclick\" data-gtm-custom-label=\"Contextuel\" data-gtm-event=\"customEventSPE\" data-fig-domain=\"LEFIGARO\" target=\"_blank\" rel=\"noopener\">pornographie infantile<\/a>, a d\u00e9taill\u00e9 la police. Les autorit\u00e9s maintiennent l&rsquo;enqu\u00eate ouverte jusqu&rsquo;\u00e0 ce que tous les mineurs disparus soient retrouv\u00e9s, a ajout\u00e9 le communiqu\u00e9, qui ne pr\u00e9cise pas \u00e0 quelle fin ces mineurs \u00e9taient emmen\u00e9s en France.<\/p>\n<p class=\"fig-paragraph\"><a href=\"http:\/\/www.lefigaro.fr\/international\/plus-de-4700-migrants-sont-arrives-sur-les-cotes-en-2025-l-espagne-se-dechire-apres-l-explosion-des-flux-entre-l-algerie-et-les-iles-baleares-20250827\" data-fig-type=\"Article\" data-gtm-custom-categorie=\"navigation\" data-gtm-custom-action=\"crossclick\" data-gtm-custom-label=\"Contextuel\" data-gtm-event=\"customEventSPE\" data-fig-domain=\"LEFIGARO\" target=\"_blank\" rel=\"noopener\">L&rsquo;Espagne est l&rsquo;un des trois principaux points d&rsquo;entr\u00e9e pour les migrants<\/a>\u00a0en Europe, avec l&rsquo;Italie et la Gr\u00e8ce. Les \u00eeles Canaries, situ\u00e9es dans l&rsquo;Atlantique au large de la c\u00f4te nord-ouest de l&rsquo;Afrique, constituent une porte d&rsquo;entr\u00e9e importante pour la migration irr\u00e9guli\u00e8re vers l&rsquo;Espagne. Pr\u00e8s de 47.000 migrants sont arriv\u00e9s dans l&rsquo;archipel l&rsquo;ann\u00e9e derni\u00e8re, \u00e9tablissant un record pour la deuxi\u00e8me ann\u00e9e cons\u00e9cutive, mais les arriv\u00e9es ont nettement diminu\u00e9 cette ann\u00e9e.<\/p>\n","protected":false},"excerpt":{"rendered":"L\u2019organisation utilisait des contacts en C\u00f4te d\u2019Ivoire pour falsifier des documents et disposait d\u2019infrastructures logistiques au Maroc, tandis&hellip;\n","protected":false},"author":2,"featured_media":531359,"comment_status":"","ping_status":"","sticky":false,"template":"","format":"standard","meta":{"footnotes":""},"categories":[4],"tags":[11,123,1011,27,1251,6636,12,25],"class_list":{"0":"post-531358","1":"post","2":"type-post","3":"status-publish","4":"format-standard","5":"has-post-thumbnail","7":"category-france","8":"tag-actualites","9":"tag-espagne","10":"tag-fr","11":"tag-france","12":"tag-migrants","13":"tag-mineurs","14":"tag-news","15":"tag-republique-francaise"},"share_on_mastodon":{"url":"https:\/\/pubeurope.com\/@fr\/115542507173632496","error":""},"_links":{"self":[{"href":"https:\/\/www.europesays.com\/fr\/wp-json\/wp\/v2\/posts\/531358","targetHints":{"allow":["GET"]}}],"collection":[{"href":"https:\/\/www.europesays.com\/fr\/wp-json\/wp\/v2\/posts"}],"about":[{"href":"https:\/\/www.europesays.com\/fr\/wp-json\/wp\/v2\/types\/post"}],"author":[{"embeddable":true,"href":"https:\/\/www.europesays.com\/fr\/wp-json\/wp\/v2\/users\/2"}],"replies":[{"embeddable":true,"href":"https:\/\/www.europesays.com\/fr\/wp-json\/wp\/v2\/comments?post=531358"}],"version-history":[{"count":0,"href":"https:\/\/www.europesays.com\/fr\/wp-json\/wp\/v2\/posts\/531358\/revisions"}],"wp:featuredmedia":[{"embeddable":true,"href":"https:\/\/www.europesays.com\/fr\/wp-json\/wp\/v2\/media\/531359"}],"wp:attachment":[{"href":"https:\/\/www.europesays.com\/fr\/wp-json\/wp\/v2\/media?parent=531358"}],"wp:term":[{"taxonomy":"category","embeddable":true,"href":"https:\/\/www.europesays.com\/fr\/wp-json\/wp\/v2\/categories?post=531358"},{"taxonomy":"post_tag","embeddable":true,"href":"https:\/\/www.europesays.com\/fr\/wp-json\/wp\/v2\/tags?post=531358"}],"curies":[{"name":"wp","href":"https:\/\/api.w.org\/{rel}","templated":true}]}}