{"id":531360,"date":"2025-11-13T12:58:20","date_gmt":"2025-11-13T12:58:20","guid":{"rendered":"https:\/\/www.europesays.com\/fr\/531360\/"},"modified":"2025-11-13T12:58:20","modified_gmt":"2025-11-13T12:58:20","slug":"challenge-acadomia-des-ecoles-de-golf-la-pree-la-rochelle-au-sommet","status":"publish","type":"post","link":"https:\/\/www.europesays.com\/fr\/531360\/","title":{"rendered":"Challenge Acadomia des \u00e9coles de golf : La Pr\u00e9e La Rochelle au sommet"},"content":{"rendered":"<p>Le <strong>Challenge Acadomia des \u00e9coles de golf<\/strong> se tient chaque ann\u00e9e du 1er septembre au 31 ao\u00fbt, soit sur une ann\u00e9e scolaire. Il est le successeur de ce qui fut, autrefois, le m\u00e9rite \u00ab\u00a0espoirs\u00a0\u00bb des \u00e9coles de golf, dont il a repris la philosophie g\u00e9n\u00e9rale\u00a0: d\u00e9velopper l\u2019approche du golf par l\u2019activit\u00e9 en situation r\u00e9elle de jeu, inciter les jeunes \u00e0 jouer sur le parcours en dehors des entra\u00eenements, exp\u00e9rimenter diff\u00e9rents formats de jeu (seul ou par \u00e9quipes, stroke play, match play, etc.). Il se dispute sur la France enti\u00e8re, et s\u2019adresse sp\u00e9cifiquement aux \u00e9l\u00e8ves d&rsquo;\u00e9coles de golf ayant 16 ans ou moins, et ayant un index sup\u00e9rieur ou \u00e9gal \u00e0 20.<\/p>\n<p>Ce Challenge, parrain\u00e9 depuis l\u2019an dernier par <strong>Acadomia<\/strong>, leader fran\u00e7ais du soutien scolaire, donne lieu \u00e0 un classement dans lequel les animations ou comp\u00e9titions, mais aussi le nombre d\u2019inscriptions, la fid\u00e9lisation, le nombre de passages de drapeaux ou encore la progression de l\u2019index des \u00e9l\u00e8ves sont les crit\u00e8res fondamentaux. Il se distingue ainsi du <strong>M\u00e9rite performance des \u00e9coles de golf <\/strong>proprement dit, qui non seulement se joue sur une ann\u00e9e calendaire, mais mesure le niveau de jeu absolu des diff\u00e9rentes \u00e9coles.<\/p>\n","protected":false},"excerpt":{"rendered":"Le Challenge Acadomia des \u00e9coles de golf se tient chaque ann\u00e9e du 1er septembre au 31 ao\u00fbt, soit&hellip;\n","protected":false},"author":2,"featured_media":531361,"comment_status":"","ping_status":"","sticky":false,"template":"","format":"standard","meta":{"footnotes":""},"categories":[1418],"tags":[1011,27,1472,60],"class_list":{"0":"post-531360","1":"post","2":"type-post","3":"status-publish","4":"format-standard","5":"has-post-thumbnail","7":"category-golf","8":"tag-fr","9":"tag-france","10":"tag-golf","11":"tag-sports"},"share_on_mastodon":{"url":"https:\/\/pubeurope.com\/@fr\/115542511042180172","error":""},"_links":{"self":[{"href":"https:\/\/www.europesays.com\/fr\/wp-json\/wp\/v2\/posts\/531360","targetHints":{"allow":["GET"]}}],"collection":[{"href":"https:\/\/www.europesays.com\/fr\/wp-json\/wp\/v2\/posts"}],"about":[{"href":"https:\/\/www.europesays.com\/fr\/wp-json\/wp\/v2\/types\/post"}],"author":[{"embeddable":true,"href":"https:\/\/www.europesays.com\/fr\/wp-json\/wp\/v2\/users\/2"}],"replies":[{"embeddable":true,"href":"https:\/\/www.europesays.com\/fr\/wp-json\/wp\/v2\/comments?post=531360"}],"version-history":[{"count":0,"href":"https:\/\/www.europesays.com\/fr\/wp-json\/wp\/v2\/posts\/531360\/revisions"}],"wp:featuredmedia":[{"embeddable":true,"href":"https:\/\/www.europesays.com\/fr\/wp-json\/wp\/v2\/media\/531361"}],"wp:attachment":[{"href":"https:\/\/www.europesays.com\/fr\/wp-json\/wp\/v2\/media?parent=531360"}],"wp:term":[{"taxonomy":"category","embeddable":true,"href":"https:\/\/www.europesays.com\/fr\/wp-json\/wp\/v2\/categories?post=531360"},{"taxonomy":"post_tag","embeddable":true,"href":"https:\/\/www.europesays.com\/fr\/wp-json\/wp\/v2\/tags?post=531360"}],"curies":[{"name":"wp","href":"https:\/\/api.w.org\/{rel}","templated":true}]}}