{"id":531362,"date":"2025-11-13T13:00:21","date_gmt":"2025-11-13T13:00:21","guid":{"rendered":"https:\/\/www.europesays.com\/fr\/531362\/"},"modified":"2025-11-13T13:00:21","modified_gmt":"2025-11-13T13:00:21","slug":"rugby-a-xv-deja-la-fin-de-laventure-de-franklin-pele-a-narbonne-xv-rugby-a-xiii","status":"publish","type":"post","link":"https:\/\/www.europesays.com\/fr\/531362\/","title":{"rendered":"Rugby \u00e0 XV &#8211; D\u00e9j\u00e0 la fin de l&rsquo;aventure de Franklin Pele \u00e0 Narbonne XV ? &#8211; Rugby \u00e0 XIII"},"content":{"rendered":"<p style=\"text-align: justify;\"><strong>Consid\u00e9r\u00e9 comme une attraction lors de son recrutement par les dirigeants du RC Narbonne XV, l\u2019aventure quinziste de Franklin Pele pourrait conna\u00eetre un d\u00e9nouement anticip\u00e9.<\/strong><\/p>\n<p style=\"text-align: justify;\">Arriv\u00e9 en provenance des Bradford Bulls apr\u00e8s des d\u00e9buts remarqu\u00e9s \u00e0 Hull FC avec qui il avait re\u00e7u un carton rouge d\u00e8s sa premi\u00e8re apparition en Super League, le natif d\u2019Auckland qui totalise sept feuilles de match en NRL avait choisi de franchir le rubicon et de signer \u00e0 XV. Bien que toujours contractuellement engag\u00e9 avec les Bulls pour une saison \u00e0 ce moment-l\u00e0, son choix et son passage en force avait fait pas mal de bruit outre-Manche.<\/p>\n<p style=\"text-align: justify;\">De retour de blessure apr\u00e8s seulement deux apparitions cette saison, le pilier de formation repositionn\u00e9 en troisi\u00e8me ligne dans sa nouvelle discipline aurait fait savoir, selon nos sources, qu\u2019il souhaitait mettre fin \u00e0 son contrat de mani\u00e8re anticip\u00e9e afin de pouvoir rentrer dans son pays.<\/p>\n<p style=\"text-align: justify;\">Suite de carri\u00e8re \u00e0 XV ou retour \u00e0 XIII ? Le joueur aussi bancal dans ses choix que puissant sur le terrain devrait \u00eatre remplac\u00e9 dans l\u2019effectif, le club s\u2019\u00e9tant d\u00e9j\u00e0 mis \u00e0 la recherche d\u2019un profil similaire.<\/p>\n","protected":false},"excerpt":{"rendered":"Consid\u00e9r\u00e9 comme une attraction lors de son recrutement par les dirigeants du RC Narbonne XV, l\u2019aventure quinziste de&hellip;\n","protected":false},"author":2,"featured_media":531363,"comment_status":"","ping_status":"","sticky":false,"template":"","format":"standard","meta":{"footnotes":""},"categories":[1416],"tags":[1011,27,65086,35514,479,2228,1468,2229,65087,60],"class_list":{"0":"post-531362","1":"post","2":"type-post","3":"status-publish","4":"format-standard","5":"has-post-thumbnail","7":"category-rugby","8":"tag-fr","9":"tag-france","10":"tag-franklin-pele","11":"tag-narbonne","12":"tag-rugby","13":"tag-rugby-a-xiii","14":"tag-rugby-football","15":"tag-rugby-league","16":"tag-rugby-xv","17":"tag-sports"},"share_on_mastodon":{"url":"https:\/\/pubeurope.com\/@fr\/115542518867521153","error":""},"_links":{"self":[{"href":"https:\/\/www.europesays.com\/fr\/wp-json\/wp\/v2\/posts\/531362","targetHints":{"allow":["GET"]}}],"collection":[{"href":"https:\/\/www.europesays.com\/fr\/wp-json\/wp\/v2\/posts"}],"about":[{"href":"https:\/\/www.europesays.com\/fr\/wp-json\/wp\/v2\/types\/post"}],"author":[{"embeddable":true,"href":"https:\/\/www.europesays.com\/fr\/wp-json\/wp\/v2\/users\/2"}],"replies":[{"embeddable":true,"href":"https:\/\/www.europesays.com\/fr\/wp-json\/wp\/v2\/comments?post=531362"}],"version-history":[{"count":0,"href":"https:\/\/www.europesays.com\/fr\/wp-json\/wp\/v2\/posts\/531362\/revisions"}],"wp:featuredmedia":[{"embeddable":true,"href":"https:\/\/www.europesays.com\/fr\/wp-json\/wp\/v2\/media\/531363"}],"wp:attachment":[{"href":"https:\/\/www.europesays.com\/fr\/wp-json\/wp\/v2\/media?parent=531362"}],"wp:term":[{"taxonomy":"category","embeddable":true,"href":"https:\/\/www.europesays.com\/fr\/wp-json\/wp\/v2\/categories?post=531362"},{"taxonomy":"post_tag","embeddable":true,"href":"https:\/\/www.europesays.com\/fr\/wp-json\/wp\/v2\/tags?post=531362"}],"curies":[{"name":"wp","href":"https:\/\/api.w.org\/{rel}","templated":true}]}}