{"id":531364,"date":"2025-11-13T13:02:11","date_gmt":"2025-11-13T13:02:11","guid":{"rendered":"https:\/\/www.europesays.com\/fr\/531364\/"},"modified":"2025-11-13T13:02:11","modified_gmt":"2025-11-13T13:02:11","slug":"atp-finals-kafelnikov-previent-alcaraz-et-sinner-il-pourrait-sans-aucun-doute-etre-le-joueur-a-surveiller-lannee-prochaine","status":"publish","type":"post","link":"https:\/\/www.europesays.com\/fr\/531364\/","title":{"rendered":"ATP &#8211; Finals > Kafelnikov pr\u00e9vient Alcaraz et Sinner : \u00ab\u00a0Il pourrait sans aucun doute \u00eatre le joueur \u00e0 surveiller l&rsquo;ann\u00e9e prochaine\u00a0\u00bb"},"content":{"rendered":"<p>Interrog\u00e9 par l\u2019<a href=\"https:\/\/www.atptour.com\/es\/news\/kafelnikov-nitto-atp-finals-2025-no-1-club\" data-wpel-link=\"external\" target=\"_blank\" rel=\"nofollow external noopener\">ATP<\/a> en marge du Masters \u00e0 Turin, l\u2019an\u00adcien num\u00e9ro 1 mondial, Yevgeny Kafelnikov, a \u00e9voqu\u00e9 la progres\u00adsion du ph\u00e9no\u00adm\u00e8ne br\u00e9si\u00adlien Joao Fonseca, 24e mondial \u00e0 19\u00a0ans.\u00a0<\/p>\n<p><strong>\u00ab\u202fFonseca, avec tout ce qu\u2019il a accompli cette ann\u00e9e et en rempor\u00adtant des tour\u00adnois impor\u00adtants comme B\u00e2le il y a \u00e0 peine quelques mois, pour\u00adrait sans aucun doute \u00eatre le joueur \u00e0 surveiller l\u2019ann\u00e9e prochaine. S\u2019il continue ainsi, je suis s\u00fbr que s\u2019il n\u2019est pas l\u00e0 l\u2019ann\u00e9e prochaine, il le sera l\u2019ann\u00e9e suivante (au Masters).\u00a0\u00bb<\/strong><\/p>\n<p class=\"post-published-date\" style=\"color: silver; font-size: 75%; text-align: left;\">Publi\u00e9 le jeudi 13 novembre 2025 \u00e0 12:16<\/p>\n","protected":false},"excerpt":{"rendered":"Interrog\u00e9 par l\u2019ATP en marge du Masters \u00e0 Turin, l\u2019an\u00adcien num\u00e9ro 1 mondial, Yevgeny Kafelnikov, a \u00e9voqu\u00e9 la&hellip;\n","protected":false},"author":2,"featured_media":531365,"comment_status":"","ping_status":"","sticky":false,"template":"","format":"standard","meta":{"footnotes":""},"categories":[1415],"tags":[1744,1011,27,2127,60,1467],"class_list":{"0":"post-531364","1":"post","2":"type-post","3":"status-publish","4":"format-standard","5":"has-post-thumbnail","7":"category-tennis","8":"tag-alcaraz","9":"tag-fr","10":"tag-france","11":"tag-sinner","12":"tag-sports","13":"tag-tennis"},"share_on_mastodon":{"url":"https:\/\/pubeurope.com\/@fr\/115542526696306317","error":""},"_links":{"self":[{"href":"https:\/\/www.europesays.com\/fr\/wp-json\/wp\/v2\/posts\/531364","targetHints":{"allow":["GET"]}}],"collection":[{"href":"https:\/\/www.europesays.com\/fr\/wp-json\/wp\/v2\/posts"}],"about":[{"href":"https:\/\/www.europesays.com\/fr\/wp-json\/wp\/v2\/types\/post"}],"author":[{"embeddable":true,"href":"https:\/\/www.europesays.com\/fr\/wp-json\/wp\/v2\/users\/2"}],"replies":[{"embeddable":true,"href":"https:\/\/www.europesays.com\/fr\/wp-json\/wp\/v2\/comments?post=531364"}],"version-history":[{"count":0,"href":"https:\/\/www.europesays.com\/fr\/wp-json\/wp\/v2\/posts\/531364\/revisions"}],"wp:featuredmedia":[{"embeddable":true,"href":"https:\/\/www.europesays.com\/fr\/wp-json\/wp\/v2\/media\/531365"}],"wp:attachment":[{"href":"https:\/\/www.europesays.com\/fr\/wp-json\/wp\/v2\/media?parent=531364"}],"wp:term":[{"taxonomy":"category","embeddable":true,"href":"https:\/\/www.europesays.com\/fr\/wp-json\/wp\/v2\/categories?post=531364"},{"taxonomy":"post_tag","embeddable":true,"href":"https:\/\/www.europesays.com\/fr\/wp-json\/wp\/v2\/tags?post=531364"}],"curies":[{"name":"wp","href":"https:\/\/api.w.org\/{rel}","templated":true}]}}