{"id":531366,"date":"2025-11-13T13:06:13","date_gmt":"2025-11-13T13:06:13","guid":{"rendered":"https:\/\/www.europesays.com\/fr\/531366\/"},"modified":"2025-11-13T13:06:13","modified_gmt":"2025-11-13T13:06:13","slug":"axel-martineau-pense-avoir-marque-des-points-actualite","status":"publish","type":"post","link":"https:\/\/www.europesays.com\/fr\/531366\/","title":{"rendered":"Axel Martineau pense avoir \u00ab marqu\u00e9 des points \u00bb &#8211; Actualit\u00e9"},"content":{"rendered":"<p style=\"text-align: justify;\">Vainqueur de la Coupe de France et du Championnat de France l\u2019hiver dernier chez les Cadets, Axel Martineau a \u00e9t\u00e9 s\u00e9lectionn\u00e9 pour le Championnat d\u2019Europe de cyclo-cross le week-end dernier. Et ce, malgr\u00e9 un premier week-end de Coupe de France \u00e0 Albi en demi-teinte, o\u00f9 il n\u2019a pu faire mieux que 19e et 24e.\u00a0\u201cLe d\u00e9but de saison n&rsquo;\u00e9tait pas tr\u00e8s positif. J\u2019avais pris un petit coup au moral\u201d, reconna\u00eet-il au micro de DirectVelo.<\/p>\n<p><strong>\u00ab PAS MAL DE POSITIF \u00c0 EN RETIRER \u00bb<\/strong><\/p>\n<p><strong><a href=\"https:\/\/www.directvelo.com\/actualite\/125203\/cc-championnat-deurope-u19-hommes-classement\" target=\"_blank\" rel=\"noopener\">Class\u00e9 dans le Top 20 dimanche pass\u00e9 \u00e0 Middelkerke lors de la course au maillot \u00e9toil\u00e9<\/a><\/strong>, le coureur de Durtal VS a fait le plein de confiance en Belgique. \u201cJe pense qu&rsquo;il y a pas mal de positif \u00e0 en retirer. J\u2019avais de bonnes sensations par rapport aux deux manches de la Coupe de France. Pour moi, mon Championnat est r\u00e9ussi avec un Top 20 en partant en 64e position. Je suis content de moi\u201d.<\/p>\n<p>Nouveau venu chez les Juniors et donc en manque de points UCI, il s\u2019est retrouv\u00e9 sur l\u2019ultime ligne de la grille de d\u00e9part. \u201cJ\u2019\u00e9tais dernier apr\u00e8s deux virages. Je me suis dit : \u00ab maintenant il va falloir remonter tranquillement \u00bb\u201d. Commence alors une course de remont\u00e9e, mais avec la crainte de partir fort et de s&rsquo;effondrer ensuite sur le difficile circuit flamand. \u201cQuand tu es derri\u00e8re, tu es oblig\u00e9 de passer \u00e0 pied sur le sable. Ceux de devant passent eux en v\u00e9lo, alors ce n\u2019est pas \u00e9vident de reprendre du temps. Tu faisais 1\u201930\u2019\u2019 \u00e0 pied, \u00e7a casse les pattes, le c\u0153ur monte vite. \u00c7a rajoute\u00a0de la complexit\u00e9 \u00e0 la course. C\u2019\u00e9tait un circuit tr\u00e8s physique\u201d.<\/p>\n<p><strong>JOUER LE PODIUM L\u2019HIVER PROCHAIN<\/strong><\/p>\n<p>Mais au fil des minutes, Axel Martineau parvient \u00e0 remonter de nombreux adversaires. \u201c\u00c0 deux tours de la fin, j\u2019ai vu que j\u2019\u00e9tais 20e. J\u2019ai ensuite encore essay\u00e9 de reprendre des gars mais ce n\u2019\u00e9tait pas \u00e9vident. Je pense que je peux \u00eatre mieux parce que ce n&rsquo;est pas la grande forme encore, mais je pense que j\u2019\u00e9tais bien\u201d. Il termine 4e tricolore de ce Championnat d\u2019Europe. \u201cJe pense que j&rsquo;ai marqu\u00e9 des points aupr\u00e8s de Fran\u00e7ois (Trarieux) pour esp\u00e9rer refaire des manches de la Coupe du Monde\u201d.<\/p>\n<p>Rester en \u00e9quipe de France fait forc\u00e9ment partie de ses objectifs pour cet hiver. \u201cJ&rsquo;ai envie de continuer parce que \u00e7a a commenc\u00e9 fort avec ce Championnat d&rsquo;Europe\u2026. Forc\u00e9ment, si \u00e7a s&rsquo;arr\u00eate l\u00e0, le moral va prendre un coup. Ce serait une r\u00e9ussite d\u2019\u00eatre\u00a0s\u00e9lectionn\u00e9 au Mondial en fin de saison\u201d. Et le J1 a d\u00e9j\u00e0 dans un coin de la t\u00eate la saison prochaine. \u201cJ\u2019esp\u00e8re pouvoir faire des Top 10 et jouer les podiums\u201d.<\/p>\n","protected":false},"excerpt":{"rendered":"Vainqueur de la Coupe de France et du Championnat de France l\u2019hiver dernier chez les Cadets, Axel Martineau&hellip;\n","protected":false},"author":2,"featured_media":531367,"comment_status":"","ping_status":"","sticky":false,"template":"","format":"standard","meta":{"footnotes":""},"categories":[1411],"tags":[834,828,836,829,837,827,83,826,824,823,1154,207,814,817,815,816,822,821,832,211,839,1011,27,820,818,819,835,831,830,833,838,60,212,208,825],"class_list":{"0":"post-531366","1":"post","2":"type-post","3":"status-publish","4":"format-standard","5":"has-post-thumbnail","7":"category-cyclisme","8":"tag-attaque","9":"tag-belgique","10":"tag-braquet","11":"tag-bretagne","12":"tag-chute","13":"tag-competition","14":"tag-coupe-de-france","15":"tag-coureur","16":"tag-course-cyclisme","17":"tag-course-cycliste","18":"tag-cycling","19":"tag-cyclisme","20":"tag-direct","21":"tag-direct-velo","22":"tag-directvelo","23":"tag-directvelo-com","24":"tag-epreuve","25":"tag-epreuve-cycliste","26":"tag-federation-francaise-de-cyclisme","27":"tag-ffc","28":"tag-flandres","29":"tag-fr","30":"tag-france","31":"tag-live","32":"tag-live-course","33":"tag-live-epreuve","34":"tag-peloton","35":"tag-radio-peloton","36":"tag-radio-tour","37":"tag-ravitaillement","38":"tag-relance","39":"tag-sports","40":"tag-uci","41":"tag-velo","42":"tag-velos"},"share_on_mastodon":{"url":"https:\/\/pubeurope.com\/@fr\/115542542690558839","error":""},"_links":{"self":[{"href":"https:\/\/www.europesays.com\/fr\/wp-json\/wp\/v2\/posts\/531366","targetHints":{"allow":["GET"]}}],"collection":[{"href":"https:\/\/www.europesays.com\/fr\/wp-json\/wp\/v2\/posts"}],"about":[{"href":"https:\/\/www.europesays.com\/fr\/wp-json\/wp\/v2\/types\/post"}],"author":[{"embeddable":true,"href":"https:\/\/www.europesays.com\/fr\/wp-json\/wp\/v2\/users\/2"}],"replies":[{"embeddable":true,"href":"https:\/\/www.europesays.com\/fr\/wp-json\/wp\/v2\/comments?post=531366"}],"version-history":[{"count":0,"href":"https:\/\/www.europesays.com\/fr\/wp-json\/wp\/v2\/posts\/531366\/revisions"}],"wp:featuredmedia":[{"embeddable":true,"href":"https:\/\/www.europesays.com\/fr\/wp-json\/wp\/v2\/media\/531367"}],"wp:attachment":[{"href":"https:\/\/www.europesays.com\/fr\/wp-json\/wp\/v2\/media?parent=531366"}],"wp:term":[{"taxonomy":"category","embeddable":true,"href":"https:\/\/www.europesays.com\/fr\/wp-json\/wp\/v2\/categories?post=531366"},{"taxonomy":"post_tag","embeddable":true,"href":"https:\/\/www.europesays.com\/fr\/wp-json\/wp\/v2\/tags?post=531366"}],"curies":[{"name":"wp","href":"https:\/\/api.w.org\/{rel}","templated":true}]}}