{"id":531368,"date":"2025-11-13T13:07:12","date_gmt":"2025-11-13T13:07:12","guid":{"rendered":"https:\/\/www.europesays.com\/fr\/531368\/"},"modified":"2025-11-13T13:07:12","modified_gmt":"2025-11-13T13:07:12","slug":"girondins-steve-shamal-absent-almamy-toure-poursuit-lentrainement-avec-bordeaux","status":"publish","type":"post","link":"https:\/\/www.europesays.com\/fr\/531368\/","title":{"rendered":"Girondins : Steve Shamal absent, Almamy Tour\u00e9 poursuit l\u2019entra\u00eenement avec Bordeaux"},"content":{"rendered":"<p><img decoding=\"async\" src=\"https:\/\/www.europesays.com\/fr\/wp-content\/uploads\/2025\/11\/671_d40acc7d3ec68c4e64988f7199088a98.jpg\" alt=\"Girondins : Steve Shamal absent, Almamy Tour\u00e9 poursuit l\u2019entra\u00eenement avec Bordeaux\" class=\"img-responsive mt-3\"\/><\/p>\n<p class=\"text-center mb-3\" style=\"font-size: 14px\">\u00a9 Iconsport<\/p>\n<p>      <strong>Steve Shamal m\u00e9nag\u00e9, Almamy Tour\u00e9 confirme sa pr\u00e9sence au Haillan<\/strong><\/p>\n<p style=\"text-align: justify;\">La plaine des sports du Haillan est vide ce mercredi matin. Seul le ballet des tondeuses se fait entendre ce matin sur les diff\u00e9rents terrains. Le temps sec et un vent froid soufflent sur la plaine. Une \u00e9quipe de France 3 Nouvelle-Aquitaine est pr\u00e9sente pour faire un reportage avant le <a href=\"https:\/\/www.webgirondins.com\/actualite-girondins-ebbe-bordeaux-la-billetterie-pour-la-coupe-de-france-est-ouverte-131103\" target=\"_blank\" rel=\"noopener\">match de Coupe de France face \u00e0 l\u2019EBBE<\/a> qui est t\u00e9l\u00e9vis\u00e9 sur leur antenne. Moins de dix supporters sont venus assister \u00e0 l&rsquo;entra\u00eenement.<\/p>\n<p><strong>Steve Shamal absent de l&rsquo;entra\u00eenement<\/strong><\/p>\n<p style=\"text-align: justify;\">Le premier \u00e0 p\u00e9n\u00e9trer sur le terrain est le capitaine Jean Grillot. Il est suivi du groupe et de l&rsquo;entra\u00eeneur Bruno Irl\u00e8s accompagn\u00e9 du tr\u00e8s actif Th\u00e9o Freulard, le pr\u00e9parateur physique.<\/p>\n<p style=\"text-align: justify;\">On remarque l\u2019absence de <a href=\"https:\/\/www.webgirondins.com\/actualite-girondins-girondins-classement-des-meilleurs-passeurs-steve-shamal-prend-la-tete-131115\" target=\"_blank\" rel=\"noopener\">Steve Shamal, joueur le plus d\u00e9cisif cette saison<\/a> (six passes d\u00e9cisives et trois buts), certainement m\u00e9nag\u00e9 apr\u00e8s son match face \u00e0 Locmin\u00e9. Matthieu Villette qui soigne sa cheville, et Nadjib Ciss\u00e9, qui est en convalescence apr\u00e8s son op\u00e9ration du genou, ne sont pas l\u00e0. Enfin, Royce Openda est en s\u00e9lection avec le Gabon pour jouer un match de barrage pour une qualification \u00e0 la Coupe du Monde face au Nig\u00e9ria.<\/p>\n<p style=\"text-align: justify;\">Du c\u00f4t\u00e9 des renforts de la r\u00e9serve, Shihab, Besse, Souan\u00e9, Feuillet, et Rizaldos sont pr\u00e9sents. Yanis Merdji n&rsquo;est pas pr\u00e9sent.<\/p>\n<p style=\"text-align: justify;\">Vandenabeele et Jousselin, qui ont jou\u00e9 avec la R1 ce samedi, s&rsquo;entra\u00eenent. Ils postulent pour une place dans le groupe et le 11 en Coupe de France.<\/p>\n<p style=\"text-align: justify;\">Enfin, l&rsquo;ancien Mon\u00e9gasque et joueur de Kaiserslautern,<a href=\"https:\/\/www.webgirondins.com\/actualite-girondins-mercato-l-ancien-monegasque-almamy-toure-s-entraine-avec-les-girondins-de-bordeaux-131045\" target=\"_blank\" rel=\"noopener\"> Almamy Tour\u00e9<\/a>, est bien l\u00e0. Il suit sa deuxi\u00e8me semaine d&rsquo;entra\u00eenement avec Bordeaux. Dans les jeux et exercices, il est utilis\u00e9 au milieu du terrain.<\/p>\n<p>\u00a0<\/p>\n<p style=\"text-align: justify;\">Avec l&rsquo;absence de l&rsquo;entra\u00eeneur des gardiens de but, Hoekstra, Diabat\u00e9 et Lecroart suivent la s\u00e9ance dans le jeu comme les autres joueurs. Apr\u00e8s un \u00e9chauffement, Bruno Irl\u00e8s a organis\u00e9 des oppositions sans gardien de but pendant une heure avant de que l&rsquo;\u00e9ffectif rentre aux vestiaires.<\/p>\n<p style=\"text-align: justify;\">Il reste trois s\u00e9ances au staff pour pr\u00e9parer le 7e tour de Coupe de France qui se joue dimanche 16 novembre \u00e0 15h45.<\/p>\n<p>\u00c0 lire &gt;&gt; <strong><a href=\"https:\/\/www.webgirondins.com\/actualite-girondins-girondins-il-se-passe-quelque-chose-dans-cette-equipe-observe-laurent-crocis-131105\" target=\"_blank\" rel=\"noopener\">Girondins : \u201cIl se passe quelque chose dans cette \u00e9quipe\u201d, observe Laurent Crocis<\/a><\/strong><\/p>\n<p>Notre podcast court sur l&rsquo;actu des Girondins :<\/p>\n<p>\u00a0<\/p>\n<p>R\u00e9\u00e9dition article du 12 novembre 2025.<\/p>\n","protected":false},"excerpt":{"rendered":"\u00a9 Iconsport Steve Shamal m\u00e9nag\u00e9, Almamy Tour\u00e9 confirme sa pr\u00e9sence au Haillan La plaine des sports du Haillan&hellip;\n","protected":false},"author":2,"featured_media":531369,"comment_status":"","ping_status":"","sticky":false,"template":"","format":"standard","meta":{"footnotes":""},"categories":[1410],"tags":[13766,8837,65088,3396,1997,615,11925,65090,6769,2823,63,1011,27,1987,6776,3289,4659,6774,471,2406,29155,13253,37112,60,37111,65089],"class_list":{"0":"post-531368","1":"post","2":"type-post","3":"status-publish","4":"format-standard","5":"has-post-thumbnail","7":"category-football","8":"tag-absent","9":"tag-agen","10":"tag-almamy","11":"tag-avec","12":"tag-bordeaux","13":"tag-coupe","14":"tag-deplacement","15":"tag-encontre","16":"tag-entrainement","17":"tag-face","18":"tag-football","19":"tag-fr","20":"tag-france","21":"tag-girondins","22":"tag-haillan","23":"tag-leur","24":"tag-matin","25":"tag-mercredi","26":"tag-pour","27":"tag-poursuit","28":"tag-preparer","29":"tag-repris","30":"tag-shamal","31":"tag-sports","32":"tag-steve","33":"tag-toure"},"share_on_mastodon":{"url":"https:\/\/pubeurope.com\/@fr\/115542547255656369","error":""},"_links":{"self":[{"href":"https:\/\/www.europesays.com\/fr\/wp-json\/wp\/v2\/posts\/531368","targetHints":{"allow":["GET"]}}],"collection":[{"href":"https:\/\/www.europesays.com\/fr\/wp-json\/wp\/v2\/posts"}],"about":[{"href":"https:\/\/www.europesays.com\/fr\/wp-json\/wp\/v2\/types\/post"}],"author":[{"embeddable":true,"href":"https:\/\/www.europesays.com\/fr\/wp-json\/wp\/v2\/users\/2"}],"replies":[{"embeddable":true,"href":"https:\/\/www.europesays.com\/fr\/wp-json\/wp\/v2\/comments?post=531368"}],"version-history":[{"count":0,"href":"https:\/\/www.europesays.com\/fr\/wp-json\/wp\/v2\/posts\/531368\/revisions"}],"wp:featuredmedia":[{"embeddable":true,"href":"https:\/\/www.europesays.com\/fr\/wp-json\/wp\/v2\/media\/531369"}],"wp:attachment":[{"href":"https:\/\/www.europesays.com\/fr\/wp-json\/wp\/v2\/media?parent=531368"}],"wp:term":[{"taxonomy":"category","embeddable":true,"href":"https:\/\/www.europesays.com\/fr\/wp-json\/wp\/v2\/categories?post=531368"},{"taxonomy":"post_tag","embeddable":true,"href":"https:\/\/www.europesays.com\/fr\/wp-json\/wp\/v2\/tags?post=531368"}],"curies":[{"name":"wp","href":"https:\/\/api.w.org\/{rel}","templated":true}]}}