{"id":531374,"date":"2025-11-13T13:11:13","date_gmt":"2025-11-13T13:11:13","guid":{"rendered":"https:\/\/www.europesays.com\/fr\/531374\/"},"modified":"2025-11-13T13:11:13","modified_gmt":"2025-11-13T13:11:13","slug":"jean-luc-lemoine-concede-une-erreur","status":"publish","type":"post","link":"https:\/\/www.europesays.com\/fr\/531374\/","title":{"rendered":"Jean-Luc Lemoine conc\u00e8de \u00abune erreur\u00bb"},"content":{"rendered":"<p>    Thibaut Gauthier et Jean-Luc Lemoine dans \u00abLe Figaro la nuit\u00bb sur Le Figaro TV.<br \/>\n                Capture d&rsquo;\u00e9cran.<\/p>\n<p>\n    <strong>VID\u00c9O &#8211; <\/strong>L\u2019ancien chroniqueur a admis qu\u2019il n\u2019aurait jamais d\u00fb d\u00e9voiler cette s\u00e9quence off et que l\u2019ancien trublion de C8 n\u2019aurait jamais d\u00fb faire ce geste.<\/p>\n<p class=\"fig-paragraph\"><a href=\"https:\/\/www.lefigaro.fr\/tag\/cyril-hanouna\" target=\"_blank\" rel=\"noopener nofollow\" data-gtm-custom-categorie=\"navigation\" data-gtm-custom-action=\"crossclick\" data-gtm-custom-label=\"Contextuel\" data-gtm-event=\"customEventSPE\">Cyril Hanouna<\/a>\u00a0a beau avoir rejoint M6 depuis la rentr\u00e9e, ses d\u00e9boires sur C8 continuent de faire parler. Invit\u00e9 du\u00a0<a href=\"https:\/\/tvmag.lefigaro.fr\/programme-tv\/programme\/le-figaro-la-nuit-d1287752604\" target=\"_blank\" rel=\"noopener nofollow\" data-gtm-custom-categorie=\"navigation\" data-gtm-custom-action=\"crossclick\" data-gtm-custom-label=\"Contextuel\" data-gtm-event=\"customEventSPE\">\u00abFigaro la nuit\u00bb<\/a>,\u00a0<a href=\"https:\/\/www.lefigaro.fr\/tag\/jean-luc-lemoine\" target=\"_blank\" rel=\"noopener nofollow\" data-gtm-custom-categorie=\"navigation\" data-gtm-custom-action=\"crossclick\" data-gtm-custom-label=\"Contextuel\" data-gtm-event=\"customEventSPE\">Jean-Luc Lemoine<\/a>\u00a0est revenu sur une pol\u00e9mique qui date d\u2019il y a presque dix ans. Fin 2016, l\u2019humoriste avait d\u00e9voil\u00e9 dans sa chronique \u00abLes 4\/3\u00bb un \u00e9v\u00e9nement survenu lors d\u2019une coupure publicitaire de\u00a0<a href=\"https:\/\/tvmag.lefigaro.fr\/programme-tv\/programme\/touche-pas-a-mon-poste-d1917940577\" target=\"_blank\" rel=\"noopener nofollow\" data-gtm-custom-categorie=\"navigation\" data-gtm-custom-action=\"crossclick\" data-gtm-custom-label=\"Contextuel\" data-gtm-event=\"customEventSPE\">\u00abTouche pas \u00e0 mon poste\u00a0!\u00bb<\/a>. En effet, l\u2019animateur avait organis\u00e9 un colin-maillard avec\u00a0<a href=\"https:\/\/www.lefigaro.fr\/tag\/capucine-anav\" target=\"_blank\" rel=\"noopener nofollow\" data-gtm-custom-categorie=\"navigation\" data-gtm-custom-action=\"crossclick\" data-gtm-custom-label=\"Contextuel\" data-gtm-event=\"customEventSPE\">Capucine Anav<\/a>. Celle-ci s\u2019\u00e9tait donc retrouv\u00e9e les yeux band\u00e9s. \u00abJe dois lui faire toucher une partie de mon corps et elle doit trouver ce que c\u2019est\u00bb, avait indiqu\u00e9 le trublion. Si le jeu avait commenc\u00e9 sur un ton bon enfant, le d\u00e9rapage est vite arriv\u00e9. Et pour cause. Apr\u00e8s avoir guid\u00e9 la main de sa chroniqueuse d\u2019abord sur son torse puis sur son bras, Cyril Hanouna n\u2019avait pas h\u00e9sit\u00e9 \u00e0 lui faire toucher son sexe.<\/p>\n<p class=\"fig-paragraph\">Les ann\u00e9es ont pass\u00e9 et Jean-Luc Lemoine dit \u00e9prouver, aujourd\u2019hui, quelques regrets. \u00c0 la question de Thibaut Gauthier\u00a0: \u00abEst-ce que vous vous rendez compte que \u00e7a peut \u00eatre une connerie, que \u00e7a va trop loin\u00a0?\u00bb, l\u2019humoriste a r\u00e9pondu\u00a0: \u00abAvec la grille d\u2019analyse d\u2019aujourd\u2019hui, oui bien s\u00fbr, \u00e9videmment\u00bb. N\u00e9anmoins, l\u2019ancien chroniqueur a tenu \u00e0 recontextualiser la s\u00e9quence. \u00abC\u2019est une blague lourdingue, potache mais qui n\u2019est pas fait sournoisement dans un couloir \u00e0 l\u2019abri des regards. C\u2019est un truc que Cyril fait pour faire rire le public devant lui. Il ne prend pas sa main pour la mettre dans son&#8230;, c\u2019est juste&#8230; vite fait mais \u00e7a ne justifie pas. Il y a le public qui se marre et surtout il y a Capucine qui se marre. T\u2019as l\u2019impression que tout le monde est entre adultes consentants\u00bb, a soulign\u00e9 l\u2019animateur de \u00abSamedi d\u2019en rire\u00bb sur France 3.<\/p>\n<blockquote class=\"fig-quote&#10;    \">\n<p class=\"fig-quote__text\">Aujourd\u2019hui, le regard que je porte \u00e0 cette s\u00e9quence ne serait plus le m\u00eame<\/p>\n<p>            Jean-Luc Lemoine\n    <\/p><\/blockquote>\n<p>                                    <a class=\"fig-a11y-skip a11y-hidden\" href=\"#fig-a11y-skip-main-inarticle\"><br \/>\n        Passer la publicit\u00e9<br \/>\n    <\/a><\/p>\n<p class=\"fig-paragraph\">\u00abUne blague potache\u00bb qui n\u2019\u00e9tait pourtant pas bien pass\u00e9e \u00e0 l\u2019\u00e9poque. Bon nombre d\u2019internautes s\u2019en \u00e9taient offusqu\u00e9s. Parmi eux, Audrey Pulvar avait \u00e9crit sur Twitter\u00a0: \u00abDes dizaines de milliers de femmes sont victimes tous les jours en France d\u2019atteintes et d\u2019agressions sexuelles. Certaines regardent \u201cTPMP\u201d\u00bb. Face \u00e0 la gronde, les deux int\u00e9ress\u00e9s avaient r\u00e9agi. \u00abLes ch\u00e9ris, on est une famille\u00a0! Arr\u00eatons de lire ou d\u2019\u00e9couter les procureurs et continuons \u00e0 nous amuser sans donner de le\u00e7ons\u00bb, avait publi\u00e9 Cyril Hanouna sur le r\u00e9seau social. \u00abInadmissible le terme\u201cagression sexuelle\u201d. \u201cTPMP\u201d est une famille\u00a0! Continuons \u00e0 rigoler. Et stop aux donneurs de le\u00e7ons\u00bb, avait ajout\u00e9 sa chroniqueuse.<\/p>\n<p>Sanction du CSA<\/p>\n<p class=\"fig-paragraph\">\u00c0 l\u2019\u00e9poque, le CSA (ancien nom de l\u2019Arcom, NDLR.) avait sanctionn\u00e9 C8 \u00e0 cause de cette s\u00e9quence en la privant de deux semaines de publicit\u00e9 dans \u00abTPMP\u00bb. Un manque \u00e0 gagner important pour la cha\u00eene disparue en f\u00e9vrier dernier.<\/p>\n<p class=\"fig-paragraph\">Au final, avec du recul, Jean-Luc Lemoine, en tourn\u00e9e dans toute la France avec son spectacle Liquidation, a conc\u00e9d\u00e9 qu\u2019il n\u2019aurait jamais d\u00e9voil\u00e9 cette s\u00e9quence. \u00abJ\u2019ai montr\u00e9 pleins de trucs off parce que \u00e7a se faisait dans un esprit tr\u00e8s potache et j\u2019ai montr\u00e9 que des choses que je pensais pr\u00e9sentables. L\u00e0, j\u2019ai sans doute fait une erreur, a-t-il admis. Aujourd\u2019hui, le regard que je porte \u00e0 \u00e7a ne serait plus le m\u00eame. C\u2019\u00e9tait une erreur \u00e0 tous les niveaux, je n\u2019aurais pas d\u00fb le montrer, il n\u2019aurait pas d\u00fb le faire dont acte.\u00bb<\/p>\n","protected":false},"excerpt":{"rendered":"Thibaut Gauthier et Jean-Luc Lemoine dans \u00abLe Figaro la nuit\u00bb sur Le Figaro TV. Capture d&rsquo;\u00e9cran. VID\u00c9O &#8211;&hellip;\n","protected":false},"author":2,"featured_media":531375,"comment_status":"","ping_status":"","sticky":false,"template":"","format":"standard","meta":{"footnotes":""},"categories":[1356],"tags":[7278,1083,58,59,1011,27,252,1364],"class_list":{"0":"post-531374","1":"post","2":"type-post","3":"status-publish","4":"format-standard","5":"has-post-thumbnail","7":"category-television","8":"tag-c8","9":"tag-cyril-hanouna","10":"tag-divertissement","11":"tag-entertainment","12":"tag-fr","13":"tag-france","14":"tag-television","15":"tag-tv"},"share_on_mastodon":{"url":"https:\/\/pubeurope.com\/@fr\/115542562251751509","error":""},"_links":{"self":[{"href":"https:\/\/www.europesays.com\/fr\/wp-json\/wp\/v2\/posts\/531374","targetHints":{"allow":["GET"]}}],"collection":[{"href":"https:\/\/www.europesays.com\/fr\/wp-json\/wp\/v2\/posts"}],"about":[{"href":"https:\/\/www.europesays.com\/fr\/wp-json\/wp\/v2\/types\/post"}],"author":[{"embeddable":true,"href":"https:\/\/www.europesays.com\/fr\/wp-json\/wp\/v2\/users\/2"}],"replies":[{"embeddable":true,"href":"https:\/\/www.europesays.com\/fr\/wp-json\/wp\/v2\/comments?post=531374"}],"version-history":[{"count":0,"href":"https:\/\/www.europesays.com\/fr\/wp-json\/wp\/v2\/posts\/531374\/revisions"}],"wp:featuredmedia":[{"embeddable":true,"href":"https:\/\/www.europesays.com\/fr\/wp-json\/wp\/v2\/media\/531375"}],"wp:attachment":[{"href":"https:\/\/www.europesays.com\/fr\/wp-json\/wp\/v2\/media?parent=531374"}],"wp:term":[{"taxonomy":"category","embeddable":true,"href":"https:\/\/www.europesays.com\/fr\/wp-json\/wp\/v2\/categories?post=531374"},{"taxonomy":"post_tag","embeddable":true,"href":"https:\/\/www.europesays.com\/fr\/wp-json\/wp\/v2\/tags?post=531374"}],"curies":[{"name":"wp","href":"https:\/\/api.w.org\/{rel}","templated":true}]}}