{"id":531378,"date":"2025-11-13T13:13:13","date_gmt":"2025-11-13T13:13:13","guid":{"rendered":"https:\/\/www.europesays.com\/fr\/531378\/"},"modified":"2025-11-13T13:13:13","modified_gmt":"2025-11-13T13:13:13","slug":"les-deux-premiers-rangs-cetait-lhecatombe-la-projection-du-dernier-alien-tourne-au-cauchemar-a-paris","status":"publish","type":"post","link":"https:\/\/www.europesays.com\/fr\/531378\/","title":{"rendered":"\u201cLes deux premiers rangs, c\u2019\u00e9tait l\u2019h\u00e9catombe\u201d : la projection du dernier Alien tourne au cauchemar \u00e0 Paris"},"content":{"rendered":"<p>Ce devait \u00eatre une soir\u00e9e exceptionnelle pour les fans de la<br \/>\nsaga Alien. Une projection \u00e9v\u00e9nement, une salle comble, et<br \/>\nsurtout, la pr\u00e9sence de <a href=\"https:\/\/www.closermag.fr\/people\/sigourney-weaver-je-suis-partante-pour-tout-67269\" rel=\"nofollow noopener\" target=\"_blank\"><br \/>\nSigourney Weaver<\/a> pour une rencontre rare. Mais le vendredi 7<br \/>\nnovembre, \u00e0 la Cin\u00e9math\u00e8que fran\u00e7aise, <strong>l\u2019exp\u00e9rience a<br \/>\nrapidement tourn\u00e9 \u00e0 l\u2019angoisse<\/strong> pour des raisons totalement<br \/>\ninattendues. Plus de 300 personnes avaient pris place pour savourer<br \/>\nle nouveau volet de la franchise.<\/p>\n<p>Les lumi\u00e8res se sont \u00e9teintes, l\u2019\u00e9cran a brill\u00e9 et pourtant,<br \/>\nc\u2019est ailleurs que la frayeur s\u2019est invit\u00e9e. Selon BFMTV, plusieurs<br \/>\nspectateurs ont \u00e9t\u00e9 <a href=\"https:\/\/www.closermag.fr\/vecu\/punaises-de-lit-votre-chambre-est-infestee-voici-les-7-erreurs-a-ne-surtout-pas-faire-3280825\" rel=\"nofollow noopener\" target=\"_blank\"><br \/>\nvictimes de punaises de lit,<\/a> transformant la soir\u00e9e en<br \/>\nv\u00e9ritable enfer pour une partie du public.<\/p>\n<p>La s\u00e9ance de cin\u00e9ma vire au fiasco<\/p>\n<p>Parmi les t\u00e9moins de cette situation digne d\u2019un film d\u2019horreur,<br \/>\nMadani Bendjellal raconte un moment aussi surr\u00e9aliste que gla\u00e7ant.<br \/>\n\u201cMon ami qui \u00e9tait \u00e0 c\u00f4t\u00e9 de moi et qui avait un jean clair a<br \/>\nvu de petites taches se d\u00e9placer, il en a \u00e9cras\u00e9 une. On s\u2019est<br \/>\nrendu compte que c\u2019\u00e9taient des punaises de lit\u201d, confie-t-il \u00e0<br \/>\nBFM TV. Et le pire \u00e9tait encore \u00e0 venir : <strong>\u201cLes deux<br \/>\npremiers rangs, \u00e7a a \u00e9t\u00e9 une belle h\u00e9catombe, toutes les personnes<br \/>\nont \u00e9t\u00e9 piqu\u00e9es\u201d<\/strong>, ajoute-t-il. Pris de panique,<br \/>\nplusieurs spectateurs ont quitt\u00e9 la salle, tandis que d\u2019autres<br \/>\ntentaient de comprendre ce qui leur arrivait.<\/p>\n<blockquote class=\"twitter-tweet\"><p><a class=\"twitter-link\" rel=\"noindex, nofollow noopener\" href=\"https:\/\/twitter.com\/BFMTV\/status\/1988485259155918939\" target=\"_blank\"><\/p><\/blockquote>\n<p>Une situation bien difficile pour cette s\u00e9ance cens\u00e9e \u00eatre un<br \/>\n\u00e9v\u00e9nement prestigieux. Une direction silencieuse ? \u00c0 la fin du<br \/>\nfilm, Madani Bendjellal dit avoir voulu pr\u00e9venir imm\u00e9diatement la<br \/>\ndirection de la Cin\u00e9math\u00e8que.<\/p>\n<p>Une situation totalement folle<\/p>\n<p>Mais la r\u00e9action qu\u2019il d\u00e9crit laisse perplexe. \u201cPour simple<br \/>\nr\u00e9ponse de sa part, j\u2019ai eu juste un retournement de dos, et il a<br \/>\ncommenc\u00e9 \u00e0 s\u2019\u00e9loigner en me disant d\u2019envoyer un mail de<br \/>\nr\u00e9clamation\u201d, assure-t-il. Le jeune homme raconte avoir jet\u00e9<br \/>\nune partie de ses v\u00eatements pour \u00e9viter toute contamination avant<br \/>\nde raconter l\u2019incident sur X. La Cin\u00e9math\u00e8que r\u00e9pond et rappelle<br \/>\nson protocole Face au toll\u00e9 qui a rapidement pris de l\u2019ampleur, la<br \/>\nCin\u00e9math\u00e8que fran\u00e7aise a publi\u00e9 un communiqu\u00e9 ce mardi 11 novembre.<br \/>\nL\u2019institution affirme appliquer depuis 2021 un \u201cprotocole<br \/>\nstrict\u201d pour limiter <a href=\"https:\/\/www.closermag.fr\/vecu\/punaises-de-lit-ces-cinq-villes-francaises-qui-sont-les-plus-infestees-3280096\" rel=\"nofollow noopener\" target=\"_blank\"><br \/>\nles risques d\u2019infestation dans les salles<\/a>.<\/p>\n<p>Elle rappelle que les punaises de lit touchent \u201cl\u2019ensemble<br \/>\ndes lieux recevant du public\u201d et pr\u00e9cise que ses \u00e9quipes<br \/>\nprennent ce sujet \u201ctr\u00e8s au s\u00e9rieux\u201d. L\u2019\u00e9tablissement<br \/>\nconseille d\u00e9sormais aux spectateurs de signaler imm\u00e9diatement toute<br \/>\nsuspicion au personnel ou via un formulaire d\u00e9di\u00e9. Une soir\u00e9e que<br \/>\nles fans d\u2019Alien ne sont pas pr\u00e8s d\u2019oublier Effroi dans le film,<br \/>\neffroi dans la salle. <strong>Si le dernier volet d\u2019Alien<br \/>\npromettait son lot de frissons,<\/strong> personne n\u2019imaginait vivre<br \/>\nun cauchemar bien r\u00e9el dans les premiers rangs.<\/p>\n<p><script async src=\"https:\/\/platform.twitter.com\/widgets.js\" charset=\"utf-8\"><\/script><\/p>\n","protected":false},"excerpt":{"rendered":"Ce devait \u00eatre une soir\u00e9e exceptionnelle pour les fans de la saga Alien. Une projection \u00e9v\u00e9nement, une salle&hellip;\n","protected":false},"author":2,"featured_media":531379,"comment_status":"","ping_status":"","sticky":false,"template":"","format":"standard","meta":{"footnotes":""},"categories":[1354],"tags":[650,58,59,1346,1011,27,1360],"class_list":{"0":"post-531378","1":"post","2":"type-post","3":"status-publish","4":"format-standard","5":"has-post-thumbnail","7":"category-films","8":"tag-cinema","9":"tag-divertissement","10":"tag-entertainment","11":"tag-films","12":"tag-fr","13":"tag-france","14":"tag-movies"},"share_on_mastodon":{"url":"https:\/\/pubeurope.com\/@fr\/115542570381770950","error":""},"_links":{"self":[{"href":"https:\/\/www.europesays.com\/fr\/wp-json\/wp\/v2\/posts\/531378","targetHints":{"allow":["GET"]}}],"collection":[{"href":"https:\/\/www.europesays.com\/fr\/wp-json\/wp\/v2\/posts"}],"about":[{"href":"https:\/\/www.europesays.com\/fr\/wp-json\/wp\/v2\/types\/post"}],"author":[{"embeddable":true,"href":"https:\/\/www.europesays.com\/fr\/wp-json\/wp\/v2\/users\/2"}],"replies":[{"embeddable":true,"href":"https:\/\/www.europesays.com\/fr\/wp-json\/wp\/v2\/comments?post=531378"}],"version-history":[{"count":0,"href":"https:\/\/www.europesays.com\/fr\/wp-json\/wp\/v2\/posts\/531378\/revisions"}],"wp:featuredmedia":[{"embeddable":true,"href":"https:\/\/www.europesays.com\/fr\/wp-json\/wp\/v2\/media\/531379"}],"wp:attachment":[{"href":"https:\/\/www.europesays.com\/fr\/wp-json\/wp\/v2\/media?parent=531378"}],"wp:term":[{"taxonomy":"category","embeddable":true,"href":"https:\/\/www.europesays.com\/fr\/wp-json\/wp\/v2\/categories?post=531378"},{"taxonomy":"post_tag","embeddable":true,"href":"https:\/\/www.europesays.com\/fr\/wp-json\/wp\/v2\/tags?post=531378"}],"curies":[{"name":"wp","href":"https:\/\/api.w.org\/{rel}","templated":true}]}}