{"id":531390,"date":"2025-11-13T13:22:15","date_gmt":"2025-11-13T13:22:15","guid":{"rendered":"https:\/\/www.europesays.com\/fr\/531390\/"},"modified":"2025-11-13T13:22:15","modified_gmt":"2025-11-13T13:22:15","slug":"un-camion-poubelle-sencastre-dans-une-maison-un-eboueur-meurt-sur-le-coup","status":"publish","type":"post","link":"https:\/\/www.europesays.com\/fr\/531390\/","title":{"rendered":"Un camion poubelle s\u2019encastre dans une maison, un \u00e9boueur meurt sur le coup"},"content":{"rendered":"<p>Le drame est survenu mardi \u00e0 Leominster, une ville situ\u00e9e en <a href=\"https:\/\/www.20minutes.fr\/dossier\/angleterre\" class=\"c-link c-link--is-underlined\" target=\"_blank\" rel=\"noopener\">Angleterre<\/a> non loin de la fronti\u00e8re galloise. Comme le relate la <a href=\"https:\/\/www.bbc.com\/news\/articles\/clykr5ngrg4o\" target=\"_blank\" class=\"c-link c-link--is-underlined\" rel=\"noopener\">BBC<\/a>, un camion <a href=\"https:\/\/www.20minutes.fr\/dossier\/poubelle\" class=\"c-link c-link--is-underlined\" target=\"_blank\" rel=\"noopener\">poubelle<\/a> s\u2019est encastr\u00e9 dans une <a href=\"https:\/\/www.20minutes.fr\/dossier\/maison\" class=\"c-link c-link--is-underlined\" target=\"_blank\" rel=\"noopener\">maison<\/a> pour une raison encore inconnue. Le b\u00e2timent \u00e9tait vide lorsque les faits se sont produits, aux alentours de 6h30.<\/p>\n<p>Mais l\u2019un des trois \u00e9boueurs qui se trouvaient \u00e0 bord du v\u00e9hicule n\u2019a pas surv\u00e9cu \u00e0 cette violence collision. Il a \u00e9t\u00e9 d\u00e9clar\u00e9 d\u00e9c\u00e9d\u00e9 sur place. Il \u00e9tait \u00e2g\u00e9 d\u2019une soixantaine d\u2019ann\u00e9es, selon la police. Le conducteur et l\u2019autre passager ont quant \u00e0 eux \u00e9t\u00e9 \u00ab\u00a0gri\u00e8vement bless\u00e9s\u00a0\u00bb. Ils ont \u00e9t\u00e9 transport\u00e9s \u00e0 l\u2019h\u00f4pital mais leur pronostic vital ne serait pas engag\u00e9.<\/p>\n<p>\u00ab\u00a0C\u2019\u00e9tait absolument horrible\u00a0\u00bb<\/p>\n<p>Pour l\u2019heure, les circonstances pr\u00e9cises de cet accident sont encore inconnues. Une enqu\u00eate a \u00e9t\u00e9 ouverte. D\u2019apr\u00e8s les premiers \u00e9l\u00e9ments, relay\u00e9s par le <a href=\"https:\/\/www.dailymail.co.uk\/news\/article-15280557\/Man-dies-two-injured-bin-lorry-crashes-house.html?ito=social-twitter_mailonline\" target=\"_blank\" class=\"c-link c-link--is-underlined\" rel=\"noopener\">Daily Mail<\/a>, le conducteur a perdu le contr\u00f4le du camion au niveau d\u2019un rond-point avant de percuter la maison. \u00ab\u00a0Le bruit de l\u2019impact nous a r\u00e9veill\u00e9s. C\u2019\u00e9tait absolument horrible\u00a0\u00bb, t\u00e9moigne un habitant du quartier.<\/p>\n<\/p>\n<p>En raison de l\u2019ampleur des d\u00e9g\u00e2ts, la route a d\u00fb \u00eatre ferm\u00e9e durant plusieurs heures.\u00a0Un p\u00e9rim\u00e8tre de s\u00e9curit\u00e9 a \u00e9t\u00e9 mis en place pendant que les pompiers et les autorit\u00e9s locales s\u2019effor\u00e7aient de s\u00e9curiser le b\u00e2timent. \u00ab\u00a0Au nom de toutes les agences, nous adressons nos pens\u00e9es et nos condol\u00e9ances aux personnes impliqu\u00e9es et aux familles touch\u00e9es par cet accident\u00a0\u00bb, a d\u00e9clar\u00e9 la police.<\/p>\n","protected":false},"excerpt":{"rendered":"Le drame est survenu mardi \u00e0 Leominster, une ville situ\u00e9e en Angleterre non loin de la fronti\u00e8re galloise.&hellip;\n","protected":false},"author":2,"featured_media":531391,"comment_status":"","ping_status":"","sticky":false,"template":"","format":"standard","meta":{"footnotes":""},"categories":[5],"tags":[119,47,11,4708,1011,27,14,74,12,9662,28],"class_list":{"0":"post-531390","1":"post","2":"type-post","3":"status-publish","4":"format-standard","5":"has-post-thumbnail","7":"category-international","8":"tag-accident","9":"tag-actualite","10":"tag-actualites","11":"tag-angleterre","12":"tag-fr","13":"tag-france","14":"tag-international","15":"tag-monde","16":"tag-news","17":"tag-poubelle","18":"tag-world"},"share_on_mastodon":{"url":"https:\/\/pubeurope.com\/@fr\/115542605530386671","error":""},"_links":{"self":[{"href":"https:\/\/www.europesays.com\/fr\/wp-json\/wp\/v2\/posts\/531390","targetHints":{"allow":["GET"]}}],"collection":[{"href":"https:\/\/www.europesays.com\/fr\/wp-json\/wp\/v2\/posts"}],"about":[{"href":"https:\/\/www.europesays.com\/fr\/wp-json\/wp\/v2\/types\/post"}],"author":[{"embeddable":true,"href":"https:\/\/www.europesays.com\/fr\/wp-json\/wp\/v2\/users\/2"}],"replies":[{"embeddable":true,"href":"https:\/\/www.europesays.com\/fr\/wp-json\/wp\/v2\/comments?post=531390"}],"version-history":[{"count":0,"href":"https:\/\/www.europesays.com\/fr\/wp-json\/wp\/v2\/posts\/531390\/revisions"}],"wp:featuredmedia":[{"embeddable":true,"href":"https:\/\/www.europesays.com\/fr\/wp-json\/wp\/v2\/media\/531391"}],"wp:attachment":[{"href":"https:\/\/www.europesays.com\/fr\/wp-json\/wp\/v2\/media?parent=531390"}],"wp:term":[{"taxonomy":"category","embeddable":true,"href":"https:\/\/www.europesays.com\/fr\/wp-json\/wp\/v2\/categories?post=531390"},{"taxonomy":"post_tag","embeddable":true,"href":"https:\/\/www.europesays.com\/fr\/wp-json\/wp\/v2\/tags?post=531390"}],"curies":[{"name":"wp","href":"https:\/\/api.w.org\/{rel}","templated":true}]}}