{"id":531396,"date":"2025-11-13T13:25:13","date_gmt":"2025-11-13T13:25:13","guid":{"rendered":"https:\/\/www.europesays.com\/fr\/531396\/"},"modified":"2025-11-13T13:25:13","modified_gmt":"2025-11-13T13:25:13","slug":"la-platine-le-design-au-coeur-du-quotidien-stephanois","status":"publish","type":"post","link":"https:\/\/www.europesays.com\/fr\/531396\/","title":{"rendered":"La Platine : Le design au coeur du quotidien St\u00e9phanois"},"content":{"rendered":"<p>Cet automne, le public st\u00e9phanois est invit\u00e9 \u00e0 d\u00e9couvrir la nouvelle saison culturelle de la Platine. <\/p>\n<p>Du 7 novembre 2025 au 1er mars 2026, des personnalit\u00e9s singuli\u00e8res et inspirantes du monde du design sont mises \u00e0 l\u2019honneur \u00e0 la Cit\u00e9 du design. L\u2019exposition propose un regard original qui invite chacun \u00e0 interroger son quotidien, dans un dialogue vivant entre cr\u00e9ativit\u00e9, r\u00e9flexion et curiosit\u00e9.<\/p>\n<p>\u00ab C\u2019est toujours une v\u00e9ritable fiert\u00e9 d\u2019inaugurer de nouvelles expositions et de faire d\u00e9couvrir ces univers au public st\u00e9phanois \u00bb, souligne Laurence Salmon, directrice du d\u00e9veloppement culturel et artistique de la Cit\u00e9 du design.<\/p>\n<p><strong>Le r\u00f4le majeur de la M\u00e9tropole<\/strong>\u00a0<\/p>\n<p>Ce projet a vu le jour gr\u00e2ce au soutien de Saint-\u00c9tienne M\u00e9tropole, partenaire historique de la Cit\u00e9 du design. \u00ab Saint-\u00c9tienne M\u00e9tropole est l\u2019un des plus fid\u00e8les soutiens de la Cit\u00e9 du design, ce qui permet de maintenir une actualit\u00e9 constante dans ce lieu si cher aux St\u00e9phanois \u00bb, rappelle Marc Chassaub\u00e9n\u00e9.<\/p>\n<p><strong>La formation mise en valeur\u00a0<\/strong><\/p>\n<p>Ces expositions mettent \u00e9galement en lumi\u00e8re la formation st\u00e9phanoise de l\u2019\u00c9cole sup\u00e9rieure d\u2019art et de design, \u00e0 travers le travail de jeunes talents comme Romane Pinault. La jeune designeuse s\u2019est int\u00e9ress\u00e9e \u00e0 la place des femmes dans les domaines de la typographie et du graphisme.<\/p>\n<p>Situ\u00e9e au c\u0153ur d\u2019un quartier en pleine mutation, La Platine s\u2019affirme plus que jamais comme un lieu de d\u00e9couverte, de r\u00e9flexion et de partage autour du design contemporain.<\/p>\n<\/p>\n<p>Y. Bouhaddane<\/p>\n","protected":false},"excerpt":{"rendered":"Cet automne, le public st\u00e9phanois est invit\u00e9 \u00e0 d\u00e9couvrir la nouvelle saison culturelle de la Platine. Du 7&hellip;\n","protected":false},"author":2,"featured_media":531397,"comment_status":"","ping_status":"","sticky":false,"template":"","format":"standard","meta":{"footnotes":""},"categories":[9653],"tags":[1111,11,2430,1777,674,1011,27,12,25,4001],"class_list":{"0":"post-531396","1":"post","2":"type-post","3":"status-publish","4":"format-standard","5":"has-post-thumbnail","7":"category-saint-etienne","8":"tag-actu","9":"tag-actualites","10":"tag-auvergne-rhone-alpes","11":"tag-eu","12":"tag-europe","13":"tag-fr","14":"tag-france","15":"tag-news","16":"tag-republique-francaise","17":"tag-saint-etienne"},"share_on_mastodon":{"url":"https:\/\/pubeurope.com\/@fr\/115542617319286704","error":""},"_links":{"self":[{"href":"https:\/\/www.europesays.com\/fr\/wp-json\/wp\/v2\/posts\/531396","targetHints":{"allow":["GET"]}}],"collection":[{"href":"https:\/\/www.europesays.com\/fr\/wp-json\/wp\/v2\/posts"}],"about":[{"href":"https:\/\/www.europesays.com\/fr\/wp-json\/wp\/v2\/types\/post"}],"author":[{"embeddable":true,"href":"https:\/\/www.europesays.com\/fr\/wp-json\/wp\/v2\/users\/2"}],"replies":[{"embeddable":true,"href":"https:\/\/www.europesays.com\/fr\/wp-json\/wp\/v2\/comments?post=531396"}],"version-history":[{"count":0,"href":"https:\/\/www.europesays.com\/fr\/wp-json\/wp\/v2\/posts\/531396\/revisions"}],"wp:featuredmedia":[{"embeddable":true,"href":"https:\/\/www.europesays.com\/fr\/wp-json\/wp\/v2\/media\/531397"}],"wp:attachment":[{"href":"https:\/\/www.europesays.com\/fr\/wp-json\/wp\/v2\/media?parent=531396"}],"wp:term":[{"taxonomy":"category","embeddable":true,"href":"https:\/\/www.europesays.com\/fr\/wp-json\/wp\/v2\/categories?post=531396"},{"taxonomy":"post_tag","embeddable":true,"href":"https:\/\/www.europesays.com\/fr\/wp-json\/wp\/v2\/tags?post=531396"}],"curies":[{"name":"wp","href":"https:\/\/api.w.org\/{rel}","templated":true}]}}