{"id":531398,"date":"2025-11-13T13:26:14","date_gmt":"2025-11-13T13:26:14","guid":{"rendered":"https:\/\/www.europesays.com\/fr\/531398\/"},"modified":"2025-11-13T13:26:14","modified_gmt":"2025-11-13T13:26:14","slug":"les-communistes-rejoignent-la-liste-de-regis-juanico","status":"publish","type":"post","link":"https:\/\/www.europesays.com\/fr\/531398\/","title":{"rendered":"les communistes rejoignent la liste de R\u00e9gis Juanico"},"content":{"rendered":"<p>Ce samedi 15\u00a0novembre \u00e0 10\u00a0h\u00a030, R\u00e9gis Juanico et son \u00e9quipe inaugureront leur local de campagne pour les municipales de mars prochain, au 14 rue Charles-de-Gaulle. Des repr\u00e9sentants du Parti communiste seront de la partie.<\/p>\n<p>Les communistes st\u00e9phanois ont en effet vot\u00e9 le 8\u00a0novembre dernier, et ils ont choisi \u00e0 pr\u00e8s de 76\u00a0% de participer \u00e0 la liste conduite par le socialiste R\u00e9gis Juanico, ancien d\u00e9put\u00e9 de la 1 re circonscription de la Loire (2007-2022) et actuel conseiller d\u00e9partemental du canton de Saint-\u00c9tienne 5.<\/p>\n<p>Dans sa qu\u00eate de la mairie, R\u00e9gis Juanico, d\u00e9sign\u00e9 chef de file par les adh\u00e9rents de Saint-\u00c9tienne Demain le 20\u00a0septembre dernier, est d\u2019ores et d\u00e9j\u00e0 soutenu par Place publique, G\u00e9n\u00e9ration.s, les Radicaux de gauche, et donc d\u00e9sormais par le PC.<\/p>\n<p>  \u00ab\u00a0La gauche se doit de mettre hors d\u2019\u00e9tat de nuire le premier magistrat de la ville\u00a0\u00bb<\/p>\n<p>Si les discussions sont toujours en cours avec les \u00e9cologistes (qui avaient pr\u00e9sent\u00e9 leur propre liste en 2020, avant de s\u2019allier avec le PS au second tour), aucun accord n\u2019a en revanche pu \u00eatre trouv\u00e9 avec La France insoumise, qui a d\u00e9cid\u00e9 de se lancer de son c\u00f4t\u00e9 avec <a href=\"https:\/\/www.leprogres.fr\/elections\/2025\/09\/25\/elections-municipales-2026-valentine-mercier-conduira-la-liste-de-la-france-insoumise\" target=\"_blank\" rel=\"nofollow noopener\">la candidature de Valentine Mercier<\/a>.<\/p>\n<p>Le PC dit regretter cette absence d\u2019accord avec LFI. \u00ab\u00a0D\u00e8s cela act\u00e9, nous avons \u0153uvr\u00e9 avec conviction pour r\u00e9ussir l\u2019union la plus large possible, car dans le contexte politique local actuel, la gauche se doit de mettre hors d\u2019\u00e9tat de nuire le premier magistrat de la ville et proposer un programme progressiste qui redonnera envie d\u2019habiter Saint-\u00c9tienne\u00a0\u00bb, indiquent les communistes dans un communiqu\u00e9 envoy\u00e9 ce jeudi.<\/p>\n<p>  \u00ab\u00a0Le signal fort d\u2019une gauche qui sait se rassembler autour de l\u2019essentiel\u00a0\u00bb<\/p>\n<p>Bien entendu, la liste Saint-\u00c9tienne Demain se r\u00e9jouit de la d\u00e9cision du PC. Pour R\u00e9gis Juanico, \u00ab\u00a0c\u2019est un signal fort\u00a0: celui d\u2019une gauche qui sait se rassembler autour de l\u2019essentiel, pour Saint-\u00c9tienne et pour ses habitants. Ce rassemblement s\u2019adresse \u00e0 toutes celles et ceux qui souhaitent une ville apais\u00e9e, anim\u00e9e et respect\u00e9e. C\u2019est notre ambition pour Saint-\u00c9tienne. C\u2019est en unissant nos forces que nous pourrons proposer aux St\u00e9phanoises et aux St\u00e9phanois un projet \u00e0 la hauteur de leurs attentes et des d\u00e9fis que traverse notre ville\u00a0\u00bb.<\/p>\n","protected":false},"excerpt":{"rendered":"Ce samedi 15\u00a0novembre \u00e0 10\u00a0h\u00a030, R\u00e9gis Juanico et son \u00e9quipe inaugureront leur local de campagne pour les municipales&hellip;\n","protected":false},"author":2,"featured_media":531399,"comment_status":"","ping_status":"","sticky":false,"template":"","format":"standard","meta":{"footnotes":""},"categories":[9653],"tags":[1111,11,2430,7539,4188,1777,674,107,1011,27,12,8387,3541,316,25,4001,7538],"class_list":{"0":"post-531398","1":"post","2":"type-post","3":"status-publish","4":"format-standard","5":"has-post-thumbnail","7":"category-saint-etienne","8":"tag-actu","9":"tag-actualites","10":"tag-auvergne-rhone-alpes","11":"tag-edition-loire-sud","12":"tag-elections-municipales","13":"tag-eu","14":"tag-europe","15":"tag-fil-info","16":"tag-fr","17":"tag-france","18":"tag-news","19":"tag-parti-communiste","20":"tag-parti-socialiste","21":"tag-politique","22":"tag-republique-francaise","23":"tag-saint-etienne","24":"tag-saint-etienne-ville"},"share_on_mastodon":{"url":"https:\/\/pubeurope.com\/@fr\/115542621202186358","error":""},"_links":{"self":[{"href":"https:\/\/www.europesays.com\/fr\/wp-json\/wp\/v2\/posts\/531398","targetHints":{"allow":["GET"]}}],"collection":[{"href":"https:\/\/www.europesays.com\/fr\/wp-json\/wp\/v2\/posts"}],"about":[{"href":"https:\/\/www.europesays.com\/fr\/wp-json\/wp\/v2\/types\/post"}],"author":[{"embeddable":true,"href":"https:\/\/www.europesays.com\/fr\/wp-json\/wp\/v2\/users\/2"}],"replies":[{"embeddable":true,"href":"https:\/\/www.europesays.com\/fr\/wp-json\/wp\/v2\/comments?post=531398"}],"version-history":[{"count":0,"href":"https:\/\/www.europesays.com\/fr\/wp-json\/wp\/v2\/posts\/531398\/revisions"}],"wp:featuredmedia":[{"embeddable":true,"href":"https:\/\/www.europesays.com\/fr\/wp-json\/wp\/v2\/media\/531399"}],"wp:attachment":[{"href":"https:\/\/www.europesays.com\/fr\/wp-json\/wp\/v2\/media?parent=531398"}],"wp:term":[{"taxonomy":"category","embeddable":true,"href":"https:\/\/www.europesays.com\/fr\/wp-json\/wp\/v2\/categories?post=531398"},{"taxonomy":"post_tag","embeddable":true,"href":"https:\/\/www.europesays.com\/fr\/wp-json\/wp\/v2\/tags?post=531398"}],"curies":[{"name":"wp","href":"https:\/\/api.w.org\/{rel}","templated":true}]}}