{"id":531406,"date":"2025-11-13T13:30:14","date_gmt":"2025-11-13T13:30:14","guid":{"rendered":"https:\/\/www.europesays.com\/fr\/531406\/"},"modified":"2025-11-13T13:30:14","modified_gmt":"2025-11-13T13:30:14","slug":"une-prise-dotages-sur-un-ferry-simulee-sur-le-port-de-toulon","status":"publish","type":"post","link":"https:\/\/www.europesays.com\/fr\/531406\/","title":{"rendered":"Une prise d\u2019otages sur un ferry simul\u00e9e sur le port de Toulon"},"content":{"rendered":"<p>                    Par<br \/>\n        <strong><br \/>\n            <a href=\"https:\/\/actu.fr\/auteur\/laetitia-soula-gmail-com\" title=\"Consulter tous les articles de Laetitia Soula\" target=\"_blank\" rel=\"noopener\">Laetitia Soula<\/a><br \/>\n                    <\/strong><\/p>\n<p>        Publi\u00e9 le<\/p>\n<p>            13 nov. 2025 \u00e0 14h16        <\/p>\n<p>L\u2019exercice de s\u00e9curit\u00e9 publique et de <strong>s\u00e9curit\u00e9 civile<\/strong> NOVI (pour \u00ab\u00a0Nombreuses VIctimes\u00a0\u00bb) a eu lieu sur le port de commerce de <a href=\"https:\/\/actu.fr\/provence-alpes-cote-d-azur\/toulon_83137\" target=\"_blank\" rel=\"noopener\"><strong>Toulon<\/strong><\/a>, ce mercredi 12 novembre 2025, dans le <a href=\"https:\/\/actu.fr\/provence-alpes-cote-d-azur\/var_83\" target=\"_blank\" rel=\"noopener\"><strong>Var<\/strong><\/a>.<\/p>\n<p class=\" wall-content\">Organis\u00e9 par la <a href=\"https:\/\/www.var.gouv.fr\/Actions-de-l-Etat\/Securite-et-protection-de-la-population\/Exercices-de-preparation-a-la-gestion-de-crise\/Se-preparer-au-risque-attentat-sur-un-ferry\" target=\"_blank\" rel=\"noopener\"><strong>pr\u00e9fecture<\/strong> <\/a>et la Direction interd\u00e9partementale de la <strong>police nationale<\/strong>, il s\u2019agissait de <strong>simuler une prise d\u2019otages<\/strong> sur un ferry de la compagnie Corsica Ferries.<\/p>\n<p class=\" wall-content\"><a href=\"https:\/\/www.instagram.com\/p\/DQ9ZKJ-Da3T\/embed\" title=\"Ouvrir le lien sur Instagram\" target=\"_blank\" rel=\"noopener\">Visualiser le contenu sur Instagram<\/a><\/p>\n<p>\u00ab\u00a0Dans les conditions du r\u00e9el\u00a0\u00bb<\/p>\n<p class=\" wall-content\">Le sc\u00e9nario de la <strong>simulation\u00a0<\/strong>? Une attaque au moment de l\u2019embarquement \u00ab\u00a0par des individus lourdement arm\u00e9s, suivie d\u2019une <strong>prise d\u2019otage<\/strong> du commandement de bord\u00a0\u00bb au niveau de la cabine de pilotage.<\/p>\n<p class=\" wall-content\">\u00ab\u00a0La <strong>cellule de crise<\/strong> activ\u00e9e par le pr\u00e9fet a \u00e9t\u00e9 d\u00e9port\u00e9e sur les lieux pour entra\u00eener les personnels <strong>dans les conditions du r\u00e9el<\/strong>\u00a0\u00bb, ont annonc\u00e9 les services de la pr\u00e9fecture.<\/p>\n<p class=\" wall-content\">Pr\u00e8s de <strong>300 personnes<\/strong> ont particip\u00e9 \u00e0 cet exercice, et une quarantaine d\u2019\u00e9tudiants de l\u2019institut de formation public varois des <strong>professions de sant\u00e9<\/strong> (IFPVS) jouaient les victimes.<\/p>\n<p>Les dispositifs op\u00e9rationnels<\/p>\n<p class=\" wall-content\">\u00ab\u00a0Les policiers nationaux, renforc\u00e9s par le RAID et les <strong>services de secours<\/strong>, pompiers et SAMU, sont intervenus pour neutraliser <strong>5 assaillants fictifs<\/strong> et prendre en charge les victimes\u00a0\u00bb.<\/p>\n<p class=\" wall-content\">L\u2019objectif de cet <strong>exercice<\/strong> \u00e9tait de\u00a0:<\/p>\n<p>Votre r\u00e9gion, votre actu !<\/p>\n<p>Recevez chaque jour les infos qui comptent pour vous.<\/p>\n<p>\t<a href=\"https:\/\/actu.fr\/newsletter\" class=\"ac-btn ac-btn--corner ac-btn--medium ac-btn--blue800\" target=\"_blank\" rel=\"noopener\">S&rsquo;incrire<\/a><\/p>\n<ul class=\" wall-content\">\n<li>pr\u00e9parer les acteurs et s\u2019assurer de l\u2019efficacit\u00e9 des <strong>dispositifs op\u00e9rationnels<\/strong> pr\u00e9vus en mati\u00e8re de <strong>s\u00e9curit\u00e9 civile<\/strong>,<\/li>\n<li>secourir un nombre important de <strong>victimes<\/strong> dans un m\u00eame lieu,<\/li>\n<li>organiser les <strong>premiers soins<\/strong>,<\/li>\n<li>tester la <strong>collaboration<\/strong> interservices.<\/li>\n<\/ul>\n<p>Le pr\u00e9fet, responsable de la protection des populations<\/p>\n<p>Acteur de premier ordre dans la gestion des crises, le pr\u00e9fet est responsable de la protection des populations. Au sein du cabinet du pr\u00e9fet, le Service Interminist\u00e9riel de D\u00e9fense et de Protection Civiles (SIDPC) pr\u00e9pare et coordonne la r\u00e9ponse de l\u2019\u00c9tat face \u00e0 tous les types de risques et de crises dans un d\u00e9partement. Le pr\u00e9fet peut d\u00e9clencher le plan NOVI en cas d\u2019\u00e9v\u00e8nements susceptibles de mettre en danger la population\u00a0: incendie de grande intensit\u00e9, effondrement d\u2019immeuble, accident du trafic routier, ferroviaire ou a\u00e9rien, actes criminels.<\/p>\n<p class=\" wall-content\">Personnalisez votre actualit\u00e9 en ajoutant vos villes et m\u00e9dias en favori avec <a href=\"https:\/\/moncompte.actu.fr\" title=\"D\u00e9couvez Mon Actu\" rel=\"nofollow noopener\" data-trk=\"{&quot;cta&quot;:{&quot;action&quot;:&quot;https:\\\/\\\/moncompte.actu.fr&quot;,&quot;category&quot;:&quot;mon compte&quot;,&quot;from&quot;:&quot;article footer&quot;,&quot;name&quot;:&quot;Mon actu&quot;,&quot;type&quot;:&quot;cta&quot;}}\" target=\"_blank\">Mon Actu<\/a>.<\/p>\n<p>                    <script async src=\"\/\/www.instagram.com\/embed.js\"><\/script><\/p>\n","protected":false},"excerpt":{"rendered":"Par Laetitia Soula Publi\u00e9 le 13 nov. 2025 \u00e0 14h16 L\u2019exercice de s\u00e9curit\u00e9 publique et de s\u00e9curit\u00e9 civile&hellip;\n","protected":false},"author":2,"featured_media":531407,"comment_status":"","ping_status":"","sticky":false,"template":"","format":"standard","meta":{"footnotes":""},"categories":[9619],"tags":[1111,11,1777,674,1011,27,12,1072,882,25,10965,104,2310],"class_list":{"0":"post-531406","1":"post","2":"type-post","3":"status-publish","4":"format-standard","5":"has-post-thumbnail","7":"category-toulon","8":"tag-actu","9":"tag-actualites","10":"tag-eu","11":"tag-europe","12":"tag-fr","13":"tag-france","14":"tag-news","15":"tag-police","16":"tag-provence-alpes-cote-dazur","17":"tag-republique-francaise","18":"tag-securite-civile","19":"tag-societe","20":"tag-toulon"},"share_on_mastodon":{"url":"https:\/\/pubeurope.com\/@fr\/115542636979462029","error":""},"_links":{"self":[{"href":"https:\/\/www.europesays.com\/fr\/wp-json\/wp\/v2\/posts\/531406","targetHints":{"allow":["GET"]}}],"collection":[{"href":"https:\/\/www.europesays.com\/fr\/wp-json\/wp\/v2\/posts"}],"about":[{"href":"https:\/\/www.europesays.com\/fr\/wp-json\/wp\/v2\/types\/post"}],"author":[{"embeddable":true,"href":"https:\/\/www.europesays.com\/fr\/wp-json\/wp\/v2\/users\/2"}],"replies":[{"embeddable":true,"href":"https:\/\/www.europesays.com\/fr\/wp-json\/wp\/v2\/comments?post=531406"}],"version-history":[{"count":0,"href":"https:\/\/www.europesays.com\/fr\/wp-json\/wp\/v2\/posts\/531406\/revisions"}],"wp:featuredmedia":[{"embeddable":true,"href":"https:\/\/www.europesays.com\/fr\/wp-json\/wp\/v2\/media\/531407"}],"wp:attachment":[{"href":"https:\/\/www.europesays.com\/fr\/wp-json\/wp\/v2\/media?parent=531406"}],"wp:term":[{"taxonomy":"category","embeddable":true,"href":"https:\/\/www.europesays.com\/fr\/wp-json\/wp\/v2\/categories?post=531406"},{"taxonomy":"post_tag","embeddable":true,"href":"https:\/\/www.europesays.com\/fr\/wp-json\/wp\/v2\/tags?post=531406"}],"curies":[{"name":"wp","href":"https:\/\/api.w.org\/{rel}","templated":true}]}}