{"id":531410,"date":"2025-11-13T13:32:18","date_gmt":"2025-11-13T13:32:18","guid":{"rendered":"https:\/\/www.europesays.com\/fr\/531410\/"},"modified":"2025-11-13T13:32:18","modified_gmt":"2025-11-13T13:32:18","slug":"a-montpellier-le-voleur-des-boites-aux-lettres-piege-par-la-vigilance-dun-voisin","status":"publish","type":"post","link":"https:\/\/www.europesays.com\/fr\/531410\/","title":{"rendered":"\u00c0 Montpellier, le \u00ab\u00a0voleur des bo\u00eetes aux lettres\u00a0\u00bb pi\u00e9g\u00e9 par la vigilance d\u2019un voisin"},"content":{"rendered":"<p>                    Par<br \/>\n        <strong><br \/>\n            <a href=\"https:\/\/actu.fr\/auteur\/lea-pippinato\" title=\"Consulter tous les articles de L\u00e9a Pippinato\" rel=\"nofollow noopener\" target=\"_blank\">L\u00e9a Pippinato<\/a><br \/>\n                    <\/strong><\/p>\n<p>        Publi\u00e9 le<\/p>\n<p>            13 nov. 2025 \u00e0 13h37        <\/p>\n<p><strong>Ce lundi 10 novembre 2025<\/strong>, un habitant d\u2019une r\u00e9sidence situ\u00e9e pr\u00e8s de la place du 8-Mai-1945, au niveau de l\u2019avenue de Toulouse, \u00e0 <strong>Montpellier,<\/strong> compose le 17. Il vient d\u2019apercevoir un inconnu pench\u00e9 sur les bo\u00eetes aux lettres de son immeuble. L\u2019homme manipule les panneaux m\u00e9talliques avec insistance, fouille l\u2019int\u00e9rieur, puis quitte le hall d\u2019un pas press\u00e9. Le t\u00e9moin d\u00e9cide de pr\u00e9venir la police nationale.<\/p>\n<p>    <a href=\"https:\/\/www.google.com\/maps\/embed?pb=!1m18!1m12!1m3!1d23115.34922865283!2d3.8371328!3d43.597823999999996!2m3!1f0!2f0!3f0!3m2!1i1024!2i768!4f13.1!3m3!1m2!1s0x12b6afb281c92881%3A0x54a336dbddf3d374!2sPl.%20du%208%20Mai%201945%2C%20Montpellier!5e0!3m2!1sfr!2sfr!4v1763024237954!5m2!1sfr!2sfr\" title=\"Ouvrie le lien\" rel=\"nofollow noopener\" target=\"_blank\">Cliquez ici pour visualiser le contenu<\/a><\/p>\n<p class=\" wall-content\">Peu apr\u00e8s l\u2019appel, une \u00e9quipe de la Bac (brigade anticriminalit\u00e9) arrive sur place. Les agents rep\u00e8rent un homme correspondant \u00e0 la description transmise. Il utilise un vigik et plusieurs cl\u00e9s PTT, outils habituellement r\u00e9serv\u00e9s aux professionnels. Gr\u00e2ce \u00e0 ces passe-partout, il ouvre les bo\u00eetes aux lettres, jette un \u0153il au contenu et s\u2019\u00e9clipse aussit\u00f4t.<\/p>\n<p>Un contr\u00f4le r\u00e9v\u00e9lateur<\/p>\n<p class=\" wall-content\">M\u00eame si aucun vol n\u2019est constat\u00e9 directement, les policiers d\u00e9cident de l\u2019interpeller. L\u2019homme vient alors de quitter un immeuble et se dirige vers la cit\u00e9 G\u00e9ly. Lors du contr\u00f4le, il porte un sac plastique contenant un petit colis gris en enveloppe thermosoud\u00e9e. L\u2019\u00e9tiquette d\u2019exp\u00e9dition a \u00e9t\u00e9 soigneusement arrach\u00e9e. \u00c0 l\u2019int\u00e9rieur, les agents d\u00e9couvrent une lampe et un jouet d\u2019enfant. Les objets \u00e9voquent un cadeau de No\u00ebl command\u00e9 en ligne et subtilis\u00e9 avant livraison. Dans sa poche, les policiers trouvent aussi un passeport au nom d\u2019une femme. Ce document avait \u00e9t\u00e9 signal\u00e9 vol\u00e9 quelques jours plus t\u00f4t, lors de l\u2019effraction d\u2019une voiture \u00e0 Montpellier, <strong>dans la nuit du 4 au 5 novembre.<\/strong><\/p>\n<p class=\" wall-content\">Interrog\u00e9 sur place, l\u2019homme ne nie pas et reconna\u00eet avoir pris le colis. Concernant le passeport, il affirme l\u2019avoir trouv\u00e9 dans la rue et s\u2019en \u00eatre servi pour consommer de la coca\u00efne. \u00c2g\u00e9 de 49 ans, domicili\u00e9 \u00e0 Montpellier, le suspect devra compara\u00eetre devant le tribunal judiciaire <strong>le 3 f\u00e9vrier prochain<\/strong>. Il sera jug\u00e9 pour vol aggrav\u00e9 et recel de vol dans le cadre d\u2019une convocation par officier de police judiciaire (COPJ).<\/p>\n<p class=\" wall-content\">Personnalisez votre actualit\u00e9 en ajoutant vos villes et m\u00e9dias en favori avec <a href=\"https:\/\/moncompte.actu.fr\" title=\"D\u00e9couvez Mon Actu\" rel=\"nofollow noopener\" data-trk=\"{&quot;cta&quot;:{&quot;action&quot;:&quot;https:\\\/\\\/moncompte.actu.fr&quot;,&quot;category&quot;:&quot;mon compte&quot;,&quot;from&quot;:&quot;article footer&quot;,&quot;name&quot;:&quot;Mon actu&quot;,&quot;type&quot;:&quot;cta&quot;}}\" target=\"_blank\">Mon Actu<\/a>.<\/p>\n","protected":false},"excerpt":{"rendered":"Par L\u00e9a Pippinato Publi\u00e9 le 13 nov. 2025 \u00e0 13h37 Ce lundi 10 novembre 2025, un habitant d\u2019une&hellip;\n","protected":false},"author":2,"featured_media":531411,"comment_status":"","ping_status":"","sticky":false,"template":"","format":"standard","meta":{"footnotes":""},"categories":[9599],"tags":[1111,11,1777,674,118,1011,27,303,2208,12,2680,1072,25],"class_list":{"0":"post-531410","1":"post","2":"type-post","3":"status-publish","4":"format-standard","5":"has-post-thumbnail","7":"category-montpellier","8":"tag-actu","9":"tag-actualites","10":"tag-eu","11":"tag-europe","12":"tag-faits-divers","13":"tag-fr","14":"tag-france","15":"tag-justice","16":"tag-montpellier","17":"tag-news","18":"tag-occitanie","19":"tag-police","20":"tag-republique-francaise"},"share_on_mastodon":{"url":"https:\/\/pubeurope.com\/@fr\/115542644774830640","error":""},"_links":{"self":[{"href":"https:\/\/www.europesays.com\/fr\/wp-json\/wp\/v2\/posts\/531410","targetHints":{"allow":["GET"]}}],"collection":[{"href":"https:\/\/www.europesays.com\/fr\/wp-json\/wp\/v2\/posts"}],"about":[{"href":"https:\/\/www.europesays.com\/fr\/wp-json\/wp\/v2\/types\/post"}],"author":[{"embeddable":true,"href":"https:\/\/www.europesays.com\/fr\/wp-json\/wp\/v2\/users\/2"}],"replies":[{"embeddable":true,"href":"https:\/\/www.europesays.com\/fr\/wp-json\/wp\/v2\/comments?post=531410"}],"version-history":[{"count":0,"href":"https:\/\/www.europesays.com\/fr\/wp-json\/wp\/v2\/posts\/531410\/revisions"}],"wp:featuredmedia":[{"embeddable":true,"href":"https:\/\/www.europesays.com\/fr\/wp-json\/wp\/v2\/media\/531411"}],"wp:attachment":[{"href":"https:\/\/www.europesays.com\/fr\/wp-json\/wp\/v2\/media?parent=531410"}],"wp:term":[{"taxonomy":"category","embeddable":true,"href":"https:\/\/www.europesays.com\/fr\/wp-json\/wp\/v2\/categories?post=531410"},{"taxonomy":"post_tag","embeddable":true,"href":"https:\/\/www.europesays.com\/fr\/wp-json\/wp\/v2\/tags?post=531410"}],"curies":[{"name":"wp","href":"https:\/\/api.w.org\/{rel}","templated":true}]}}