{"id":531412,"date":"2025-11-13T13:34:20","date_gmt":"2025-11-13T13:34:20","guid":{"rendered":"https:\/\/www.europesays.com\/fr\/531412\/"},"modified":"2025-11-13T13:34:20","modified_gmt":"2025-11-13T13:34:20","slug":"danse-sportive-place-au-1er-open-de-rouen","status":"publish","type":"post","link":"https:\/\/www.europesays.com\/fr\/531412\/","title":{"rendered":"Danse sportive : place au 1er Open de Rouen"},"content":{"rendered":"\n<p>         Th\u00e8me d\u2019actualit\u00e9\u00a0:\u00a0       <\/p>\n<p>Rouen Danse Sportive Association (RDSA), club au sein de l&rsquo;Ecole de danse Germain Blanchet, organise son 1er Open de Rouen ce samedi 15\u00a0novembre 2025 dans la grande salle du premier \u00e9tage de la\u00a0Halle aux Toiles.<\/p>\n<p>En comp\u00e9tition, une bonne soixantaine de couples de Rouen, du Havre, de Paris et de Brest.\u00a0Les participants, \u00e2g\u00e9s de 6 \u00e0 65 ans, donneront le meilleur d&rsquo;eux-m\u00eames pour afficher leur ma\u00eetrise des danses latines et standards.<\/p>\n<p>Les \u00e9liminatoires se d\u00e9roulent \u00e0 partir de midi, les finales se tiendront de 20h \u00e0 23h.<\/p>\n<p>Entr\u00e9e : <strong>15\u20ac<\/strong> pour la journ\u00e9e (10\u20ac pour les moins de 12 ans).<\/p>\n<p><strong>R\u00e9servations aupr\u00e8s de Nad\u00e8ge au <a href=\"http:\/\/t\u00e9l:\/06 71 07 53 61\" class=\"elf-external elf-icon\" rel=\"nofollow\">06 71 07 53 61<\/a><\/strong><\/p>\n<p><img decoding=\"async\" alt=\"open_de_rouen.png\" src=\"https:\/\/www.europesays.com\/fr\/wp-content\/uploads\/2025\/11\/open_de_rouen.png\"\/><\/p>\n","protected":false},"excerpt":{"rendered":"Th\u00e8me d\u2019actualit\u00e9\u00a0:\u00a0 Rouen Danse Sportive Association (RDSA), club au sein de l&rsquo;Ecole de danse Germain Blanchet, organise son&hellip;\n","protected":false},"author":2,"featured_media":531413,"comment_status":"","ping_status":"","sticky":false,"template":"","format":"standard","meta":{"footnotes":""},"categories":[9587],"tags":[1111,11,1777,674,1011,27,12,5161,25,9590],"class_list":{"0":"post-531412","1":"post","2":"type-post","3":"status-publish","4":"format-standard","5":"has-post-thumbnail","7":"category-rouen","8":"tag-actu","9":"tag-actualites","10":"tag-eu","11":"tag-europe","12":"tag-fr","13":"tag-france","14":"tag-news","15":"tag-normandie","16":"tag-republique-francaise","17":"tag-rouen"},"share_on_mastodon":{"url":"https:\/\/pubeurope.com\/@fr\/115542653709913648","error":""},"_links":{"self":[{"href":"https:\/\/www.europesays.com\/fr\/wp-json\/wp\/v2\/posts\/531412","targetHints":{"allow":["GET"]}}],"collection":[{"href":"https:\/\/www.europesays.com\/fr\/wp-json\/wp\/v2\/posts"}],"about":[{"href":"https:\/\/www.europesays.com\/fr\/wp-json\/wp\/v2\/types\/post"}],"author":[{"embeddable":true,"href":"https:\/\/www.europesays.com\/fr\/wp-json\/wp\/v2\/users\/2"}],"replies":[{"embeddable":true,"href":"https:\/\/www.europesays.com\/fr\/wp-json\/wp\/v2\/comments?post=531412"}],"version-history":[{"count":0,"href":"https:\/\/www.europesays.com\/fr\/wp-json\/wp\/v2\/posts\/531412\/revisions"}],"wp:featuredmedia":[{"embeddable":true,"href":"https:\/\/www.europesays.com\/fr\/wp-json\/wp\/v2\/media\/531413"}],"wp:attachment":[{"href":"https:\/\/www.europesays.com\/fr\/wp-json\/wp\/v2\/media?parent=531412"}],"wp:term":[{"taxonomy":"category","embeddable":true,"href":"https:\/\/www.europesays.com\/fr\/wp-json\/wp\/v2\/categories?post=531412"},{"taxonomy":"post_tag","embeddable":true,"href":"https:\/\/www.europesays.com\/fr\/wp-json\/wp\/v2\/tags?post=531412"}],"curies":[{"name":"wp","href":"https:\/\/api.w.org\/{rel}","templated":true}]}}