{"id":531418,"date":"2025-11-13T13:37:12","date_gmt":"2025-11-13T13:37:12","guid":{"rendered":"https:\/\/www.europesays.com\/fr\/531418\/"},"modified":"2025-11-13T13:37:12","modified_gmt":"2025-11-13T13:37:12","slug":"la-policiere-achete-de-la-cocaine-rue-de-la-soif-a-rennes-elle-est-reconnue-et-rouee-de-coups","status":"publish","type":"post","link":"https:\/\/www.europesays.com\/fr\/531418\/","title":{"rendered":"La polici\u00e8re ach\u00e8te de la coca\u00efne rue de la soif \u00e0 Rennes\u00a0: elle est reconnue et rou\u00e9e de coups"},"content":{"rendered":"<p>\u00ab Vous avez une sc\u00e8ne caract\u00e9ristique de ce qui se passe rue Saint-Michel \u00e0 Rennes la nuit. Sauf que l\u00e0, vous avez une circonstance particuli\u00e8re avec une victime qui est une polici\u00e8re \u00bb, estime la procureure. Ce mercredi 12 novembre 2025, devant le tribunal correctionnel de Rennes, une affaire peu ordinaire est jug\u00e9e.<\/p>\n<p>Tout commence fin f\u00e9vrier . Une fonctionnaire de police de 31 ans d\u00e9pose plainte au commissariat. Elle explique que le 27 f\u00e9vrier, en rentrant vers sa voiture apr\u00e8s une soir\u00e9e dans le centre de Rennes, elle est reconnue par un groupe de personnes. Trait\u00e9e de \u00ab sale keuf \u00bb, elle est d\u00e9pouill\u00e9e de ses affaires. Sa carte professionnelle est exhib\u00e9e sur la place publique. Ses clefs de voiture et son porte-monnaie sont d\u00e9rob\u00e9s. Suite \u00e0 ses d\u00e9clarations, un proc\u00e8s-verbal est dress\u00e9. L\u2019enqu\u00eate d\u00e9marre. En analysant les images de cam\u00e9ras de surveillance, ses coll\u00e8gues comprennent que les d\u00e9clarations de la victime ne collent pas.<\/p>\n<p>Achat de coca\u00efne<\/p>\n<p>De nouveau entendue, elle reconna\u00eet finalement qu\u2019elle \u00e9tait venue acheter de la coca\u00efne rue Saint-Michel. Sur les vid\u00e9os, on la voit d\u2019ailleurs prendre un dealer dans ses bras pour rigoler. Au moment de la transaction, elle est reconnue par une ancienne pr\u00e9venue qu\u2019elle a entendue dans le cadre d\u2019une affaire. D\u00e9pouill\u00e9e de ses affaires, alcoolis\u00e9e et seule, la fonctionnaire de police ne quitte pas pour autant le quartier. Pendant plusieurs heures, elle reste dans le secteur. Objectif : r\u00e9cup\u00e9rer ses affaires. Au gr\u00e9 des rencontres, les discussions s\u2019enveniment. Rou\u00e9e de coups, elle se voit prescrire 14 jours d\u2019ITT. Transform\u00e9s par la suite en 48 jours \u00e9tant donn\u00e9 le grave retentissement psychologique.<\/p>\n<blockquote><p>Juste une claque et un coup de pied<\/p><\/blockquote>\n<p>\u00c0 l\u2019audience, la polici\u00e8re est absente. \u00ab C\u2019est trop compliqu\u00e9 pour elle d\u2019\u00eatre confront\u00e9e aux protagonistes. Ce soir-l\u00e0, elle a vraiment craint pour sa vie \u00bb, argue son avocate Camille \u00c9tienne. La procureure souligne \u00e0 de nombreuses reprises qu\u2019elle \u00ab regrette \u00bb cette absence qui donne l\u2019occasion aux trois accus\u00e9s de balayer leur responsabilit\u00e9. \u00ab Elle raconte n\u2019importe quoi, je ne l\u2019ai pas rou\u00e9 de coups, je lui ai mis une claque et un coup de pied apr\u00e8s qu\u2019elle m\u2019a frapp\u00e9e car j\u2019avais ses clefs de voiture \u00bb, explique Lorenzo Pereira. Ce jeune homme de 22 ans aux cheveux longs est incarc\u00e9r\u00e9 depuis avril pour une autre cause : une tentative de meurtre en bande organis\u00e9e.<\/p>\n<p>Retraits dans les distributeurs de billets<\/p>\n<p>\u00c0 ses c\u00f4t\u00e9s, Cheikh Samb, 48 ans. Avec ses 25 mentions au casier judiciaire, lui est aussi d\u00e9tenu pour avoir \u00e9clat\u00e9 une bouteille sur le cr\u00e2ne d\u2019un homme pour lui d\u00e9rober son t\u00e9l\u00e9phone portable. \u00ab Avec de l\u2019alcool, je peux \u00eatre violent \u00bb, reconna\u00eet le quadrag\u00e9naire qui a \u00e9t\u00e9 formellement identifi\u00e9 comme utilisateur de la carte bleue de la polici\u00e8re. \u00ab Et les retraits dans les distributeurs de billets ? \u00bb, questionne la procureure. \u00ab Je ne me rappelle plus. \u00bb Deux des trois pr\u00e9venus admettent des violences mais contestent avoir vol\u00e9 la victime. Un autre nie toute violence ou vol mais reconna\u00eet que les papiers de la polici\u00e8re ont \u00e9t\u00e9 retrouv\u00e9s \u00e0 son domicile. Un seul reconna\u00eet qu\u2019il avait connaissance de la qualit\u00e9 de fonctionnaire de police de la victime.<\/p>\n<p>Sentiment de culpabilit\u00e9<\/p>\n<p>Les avocats s\u2019en donnent \u00e0 c\u0153ur joie. \u00ab Comment \u00e9tablir la v\u00e9rit\u00e9 dans cette affaire ? La polici\u00e8re a menti longtemps et jusqu\u2019au bout, souffle St\u00e9phanie Peltier, une des avocates de la d\u00e9fense. Votre tribunal n\u2019a pas les moyens d\u2019entrer en voie de condamnation pour de l\u2019extorsion sous la menace d\u2019un couteau. Rien ne l\u2019\u00e9tablit dans la proc\u00e9dure. \u00bb Camille \u00c9tienne, avocate de la polici\u00e8re ajoute : \u00ab ma cliente a un sentiment de culpabilit\u00e9 mais rien ne justifie l\u2019agression et le vol dont elle a \u00e9t\u00e9 victime \u00bb.<\/p>\n<p>Le tribunal condamne les trois pr\u00e9venus. Le premier \u00e9cope de quatre mois d\u2019emprisonnement. Les deux autres sont condamn\u00e9s \u00e0 douze mois avec maintien en d\u00e9tention. Quant \u00e0 la polici\u00e8re, longtemps en arr\u00eat maladie, elle vient de reprendre son travail en temps partiel.<\/p>\n","protected":false},"excerpt":{"rendered":"\u00ab Vous avez une sc\u00e8ne caract\u00e9ristique de ce qui se passe rue Saint-Michel \u00e0 Rennes la nuit. Sauf&hellip;\n","protected":false},"author":2,"featured_media":531419,"comment_status":"","ping_status":"","sticky":false,"template":"","format":"standard","meta":{"footnotes":""},"categories":[2821],"tags":[1111,11,829,765,1777,674,118,3383,1011,27,12,584,25],"class_list":{"0":"post-531418","1":"post","2":"type-post","3":"status-publish","4":"format-standard","5":"has-post-thumbnail","7":"category-rennes","8":"tag-actu","9":"tag-actualites","10":"tag-bretagne","11":"tag-en-continu","12":"tag-eu","13":"tag-europe","14":"tag-faits-divers","15":"tag-faits-divers-a-rennes","16":"tag-fr","17":"tag-france","18":"tag-news","19":"tag-rennes","20":"tag-republique-francaise"},"share_on_mastodon":{"url":"https:\/\/pubeurope.com\/@fr\/115542664819130779","error":""},"_links":{"self":[{"href":"https:\/\/www.europesays.com\/fr\/wp-json\/wp\/v2\/posts\/531418","targetHints":{"allow":["GET"]}}],"collection":[{"href":"https:\/\/www.europesays.com\/fr\/wp-json\/wp\/v2\/posts"}],"about":[{"href":"https:\/\/www.europesays.com\/fr\/wp-json\/wp\/v2\/types\/post"}],"author":[{"embeddable":true,"href":"https:\/\/www.europesays.com\/fr\/wp-json\/wp\/v2\/users\/2"}],"replies":[{"embeddable":true,"href":"https:\/\/www.europesays.com\/fr\/wp-json\/wp\/v2\/comments?post=531418"}],"version-history":[{"count":0,"href":"https:\/\/www.europesays.com\/fr\/wp-json\/wp\/v2\/posts\/531418\/revisions"}],"wp:featuredmedia":[{"embeddable":true,"href":"https:\/\/www.europesays.com\/fr\/wp-json\/wp\/v2\/media\/531419"}],"wp:attachment":[{"href":"https:\/\/www.europesays.com\/fr\/wp-json\/wp\/v2\/media?parent=531418"}],"wp:term":[{"taxonomy":"category","embeddable":true,"href":"https:\/\/www.europesays.com\/fr\/wp-json\/wp\/v2\/categories?post=531418"},{"taxonomy":"post_tag","embeddable":true,"href":"https:\/\/www.europesays.com\/fr\/wp-json\/wp\/v2\/tags?post=531418"}],"curies":[{"name":"wp","href":"https:\/\/api.w.org\/{rel}","templated":true}]}}