{"id":531424,"date":"2025-11-13T13:40:17","date_gmt":"2025-11-13T13:40:17","guid":{"rendered":"https:\/\/www.europesays.com\/fr\/531424\/"},"modified":"2025-11-13T13:40:17","modified_gmt":"2025-11-13T13:40:17","slug":"atmos-space-cargo-fait-de-strasbourg-son-centre-europeen-pour-la-recherche-en-sante-spatiale","status":"publish","type":"post","link":"https:\/\/www.europesays.com\/fr\/531424\/","title":{"rendered":"ATMOS Space Cargo fait de Strasbourg son centre europ\u00e9en pour la recherche en sant\u00e9 spatiale"},"content":{"rendered":"<p><strong>L\u2019entreprise europ\u00e9enne ATMOS Space Cargo, sp\u00e9cialis\u00e9e dans le d\u00e9veloppement de capsules spatiales pour le transport de cargaisons depuis et vers l\u2019orbite, a choisi Strasbourg pour implanter son premier bureau europ\u00e9en d\u00e9di\u00e9 \u00e0 la recherche et \u00e0 la logistique en sant\u00e9 dans l\u2019espace.<\/strong><\/p>\n<p><img loading=\"lazy\" decoding=\"async\" class=\"size-full wp-image-82720\" src=\"https:\/\/www.europesays.com\/fr\/wp-content\/uploads\/2025\/11\/Capture-decran-2025-11-13-141929.jpg\" alt=\"ATMOS Space Cargo (capture CP)\" width=\"1200\" height=\"800\"  \/>ATMOS Space Cargo (capture CP)<\/p>\n<p>Install\u00e9e au sein de l\u2019incubateur de l\u2019International Space University (ISU), cette nouvelle antenne marque une \u00e9tape d\u00e9cisive pour la soci\u00e9t\u00e9. Elle s\u2019accompagne d\u2019un partenariat strat\u00e9gique avec la start-up Space Cargo Unlimited et du lancement d\u2019<strong>un programme ambitieux de sept missions spatiales autonomes pr\u00e9vues \u00e0 partir de 2026.<\/strong><\/p>\n<p>Une ambition : b\u00e2tir une cha\u00eene logistique de la sant\u00e9 dans l\u2019espace<\/p>\n<p><strong>L\u2019objectif d\u2019ATMOS Space Cargo est clair<\/strong> : cr\u00e9er une infrastructure compl\u00e8te permettant la recherche et la fabrication de mat\u00e9riaux et de traitements m\u00e9dicaux en microgravit\u00e9.<br \/>Dans cet environnement unique, les cellules vieillissent plus vite, les prot\u00e9ines se cristallisent diff\u00e9remment et certaines r\u00e9actions biologiques s\u2019acc\u00e9l\u00e8rent, ouvrant la voie \u00e0 de nouvelles th\u00e9rapies et \u00e0 des avanc\u00e9es dans la pharmaceutique et la biotechnologie.<br \/>Pour y parvenir, ATMOS d\u00e9veloppe la capsule PHOENIX 2, <strong>un v\u00e9hicule r\u00e9utilisable dot\u00e9 d\u2019un bouclier thermique gonflable<\/strong> capable de ramener en toute s\u00e9curit\u00e9 des charges utiles de l\u2019espace. Ces capsules seront au c\u0153ur des futures missions logistiques vers l\u2019orbite basse.<\/p>\n<p>Un partenariat strat\u00e9gique avec Space Cargo Unlimited<\/p>\n<p>ATMOS Space Cargo et Space Cargo Unlimited unissent leurs forces pour proposer un nouveau mod\u00e8le d\u2019acc\u00e8s europ\u00e9en \u00e0 la microgravit\u00e9, \u00e0 l\u2019approche de la fin de vie de la Station spatiale internationale (pr\u00e9vue pour 2030).<br \/>Leur projet commun combine la plateforme scientifique BentoBox de Space Cargo Unlimited avec la capsule PHOENIX 2 d\u2019ATMOS, afin de cr\u00e9er <strong>un service complet de transport, stockage et retour de mat\u00e9riel en orbite.<\/strong><br \/>D\u00e8s 2026, sept missions autonomes permettront un acc\u00e8s r\u00e9gulier \u00e0 l\u2019espace pour la recherche biom\u00e9dicale. Ces vols seront op\u00e9r\u00e9s \u00e0 bord de fus\u00e9es Falcon 9 de SpaceX, dans le cadre d\u2019un contrat d\u00e9j\u00e0 sign\u00e9 entre les partenaires.<br \/>\u00ab La combinaison des op\u00e9rations autonomes de BentoBox et de la technologie r\u00e9utilisable de PHOENIX 2 \u00e9tablit un nouveau standard pour la logistique spatiale \u00bb, souligne Marta Oliveira, cofondatrice et directrice des op\u00e9rations d\u2019ATMOS. \u00ab Notre ambition est de rendre la fabrication en microgravit\u00e9 aussi accessible que la production terrestre, en consolidant la souverainet\u00e9 spatiale de l\u2019Europe dans l\u2019\u00e8re post-ISS. \u00bb<\/p>\n<p>Strasbourg, un choix strat\u00e9gique au carrefour du spatial et de la sant\u00e9<\/p>\n<p>Pour ATMOS, Strasbourg s\u2019est impos\u00e9e comme un choix naturel.<br \/>\u00ab La pr\u00e9sence de l\u2019International Space University, d\u2019un \u00e9cosyst\u00e8me de sant\u00e9 tr\u00e8s structur\u00e9 et la situation g\u00e9ographique au c\u0153ur de la Biovalley europ\u00e9enne ont \u00e9t\u00e9 d\u00e9terminantes \u00bb, explique Marta Oliveira.<br \/>Le bureau strasbourgeois accueillera \u00e0 terme <strong>35 collaborateurs dans les domaines de la recherche, de l\u2019ing\u00e9nierie, des op\u00e9rations spatiales et du d\u00e9veloppement commercial<\/strong>. Il servira aussi de plateforme de coordination avec les partenaires scientifiques et industriels europ\u00e9ens.<br \/>L\u2019installation d\u2019ATMOS a \u00e9t\u00e9 accompagn\u00e9e par Grand Est D\u00e9veloppement International, l\u2019ISU, l\u2019Adira et BioValley France, avec le soutien de l\u2019Eurom\u00e9tropole de Strasbourg.<\/p>\n<p>Un \u00e9cosyst\u00e8me r\u00e9gional en pleine effervescence<\/p>\n<p>La r\u00e9gion Grand Est s\u2019affirme comme <strong>un p\u00f4le europ\u00e9en d\u2019innovation au croisement du spatial et de la sant\u00e9.<\/strong><br \/>Outre l\u2019ISU et les entreprises install\u00e9es \u00e0 Strasbourg comme Space Pharma ou Prometheus Life Technologies, plusieurs <strong>acteurs r\u00e9gionaux<\/strong> renforcent cette dynamique : <strong>Latitude \u00e0 Reims,<\/strong> sp\u00e9cialis\u00e9e dans les lanceurs spatiaux r\u00e9utilisables, <strong>Axon\u2019C\u00e2ble dans la Marne<\/strong>, ou encore <strong>Nimesis en Moselle<\/strong>, qui produit des m\u00e9canismes pour satellites.<br \/>\u00ab L\u2019arriv\u00e9e d\u2019ATMOS confirme l\u2019attractivit\u00e9 du Grand Est pour les entreprises du spatial \u00bb, se f\u00e9licite Andr\u00e9s De Almeida, responsable de l\u2019incubateur de l\u2019ISU. \u00ab Elle illustre parfaitement la synergie entre recherche, entrepreneuriat et innovation dans notre r\u00e9gion. \u00bb<\/p>\n<p>Vers une nouvelle \u00e8re du \u201cMade in Space\u201d<\/p>\n<p>Avec ce projet, ATMOS Space Cargo entend poser <strong>les bases d\u2019un nouveau mod\u00e8le europ\u00e9en de recherche et de production spatiale<\/strong>, capable de soutenir les industries de la sant\u00e9 et de la biotechnologie \u00e0 l\u2019aube de la fermeture de l\u2019ISS.<br \/>\u00c0 Strasbourg, cette ambition prend racine au c\u0153ur d\u2019un \u00e9cosyst\u00e8me qui lie d\u00e9j\u00e0 m\u00e9decine, science et conqu\u00eate spatiale \u2014 une alliance prometteuse pour les th\u00e9rapies et les technologies de demain.<\/p>\n","protected":false},"excerpt":{"rendered":"L\u2019entreprise europ\u00e9enne ATMOS Space Cargo, sp\u00e9cialis\u00e9e dans le d\u00e9veloppement de capsules spatiales pour le transport de cargaisons depuis&hellip;\n","protected":false},"author":2,"featured_media":531425,"comment_status":"","ping_status":"","sticky":false,"template":"","format":"standard","meta":{"footnotes":""},"categories":[2820],"tags":[328,1111,11,386,1777,674,1011,27,775,12,25,71,640],"class_list":{"0":"post-531424","1":"post","2":"type-post","3":"status-publish","4":"format-standard","5":"has-post-thumbnail","7":"category-strasbourg","8":"tag-a-la-une","9":"tag-actu","10":"tag-actualites","11":"tag-espace","12":"tag-eu","13":"tag-europe","14":"tag-fr","15":"tag-france","16":"tag-grand-est","17":"tag-news","18":"tag-republique-francaise","19":"tag-sante","20":"tag-strasbourg"},"share_on_mastodon":{"url":"https:\/\/pubeurope.com\/@fr\/115542677041827071","error":""},"_links":{"self":[{"href":"https:\/\/www.europesays.com\/fr\/wp-json\/wp\/v2\/posts\/531424","targetHints":{"allow":["GET"]}}],"collection":[{"href":"https:\/\/www.europesays.com\/fr\/wp-json\/wp\/v2\/posts"}],"about":[{"href":"https:\/\/www.europesays.com\/fr\/wp-json\/wp\/v2\/types\/post"}],"author":[{"embeddable":true,"href":"https:\/\/www.europesays.com\/fr\/wp-json\/wp\/v2\/users\/2"}],"replies":[{"embeddable":true,"href":"https:\/\/www.europesays.com\/fr\/wp-json\/wp\/v2\/comments?post=531424"}],"version-history":[{"count":0,"href":"https:\/\/www.europesays.com\/fr\/wp-json\/wp\/v2\/posts\/531424\/revisions"}],"wp:featuredmedia":[{"embeddable":true,"href":"https:\/\/www.europesays.com\/fr\/wp-json\/wp\/v2\/media\/531425"}],"wp:attachment":[{"href":"https:\/\/www.europesays.com\/fr\/wp-json\/wp\/v2\/media?parent=531424"}],"wp:term":[{"taxonomy":"category","embeddable":true,"href":"https:\/\/www.europesays.com\/fr\/wp-json\/wp\/v2\/categories?post=531424"},{"taxonomy":"post_tag","embeddable":true,"href":"https:\/\/www.europesays.com\/fr\/wp-json\/wp\/v2\/tags?post=531424"}],"curies":[{"name":"wp","href":"https:\/\/api.w.org\/{rel}","templated":true}]}}