{"id":531430,"date":"2025-11-13T13:43:16","date_gmt":"2025-11-13T13:43:16","guid":{"rendered":"https:\/\/www.europesays.com\/fr\/531430\/"},"modified":"2025-11-13T13:43:16","modified_gmt":"2025-11-13T13:43:16","slug":"rodeos-urbains-une-cellule-dediee-est-mise-en-place-au-commissariat-central-de-nantes","status":"publish","type":"post","link":"https:\/\/www.europesays.com\/fr\/531430\/","title":{"rendered":"Rod\u00e9os urbains : une cellule d\u00e9di\u00e9e est mise en place au commissariat central de Nantes"},"content":{"rendered":"<tr wp_automatic_readability=\"2.9268292682927\">\n<td valign=\"middle\" align=\"center\" class=\"col-logo\">\n    <img decoding=\"async\" src=\"https:\/\/www.europesays.com\/fr\/wp-content\/uploads\/2025\/04\/presse-ocean.gif\" alt=\"logo Presse-Oc\u00e9an\" height=\"66\"\/><\/p>\n<\/td>\n<td class=\"col-titre\">\n\t\t\tJeudi 13 novembre 2025 13:19<br \/>\n\t\t\t<a class=\"icon-bulle sizeL count\" href=\"#ancreAvis\"><br \/>\n\t&#8230;<br \/>\n<\/a><\/td>\n<\/tr>\n<p>\t\t<a class=\"mavillebox2 elmt-photo\" href=\"https:\/\/maville.com\/photosmvi\/2025\/11\/13\/P35578389D7062021G.jpg\" title=\" La plupart des v\u00e9hicules saisis sont des motocross.  \u00a9  Photo DIPN Loire-Atlantique  \" rel=\"galerie_actu noopener\" target=\"_blank\"><br \/>\n\t<img decoding=\"async\" src=\"https:\/\/www.europesays.com\/fr\/wp-content\/uploads\/2025\/11\/P35578389D7062021G_crop_640-330_.jpg\" alt=\"photo  la plupart des v\u00e9hicules saisis sont des motocross.  \u00a9  photo dipn loire-atlantique \"\/><br \/>\n\t1<br \/>\n<\/a><\/p>\n<p class=\"elmt-legende\"> La plupart des v\u00e9hicules saisis sont des motocross.  \u00a9  Photo DIPN Loire-Atlantique  <\/p>\n<p>\t\tLa direction interd\u00e9partementale de la police nationale (DIPN) de Loire-Atlantique a mis en place une cellule charg\u00e9e du suivi judiciaire des proc\u00e9dures en lien avec le d\u00e9lit\u00a0de rod\u00e9o urbain. Depuis le d\u00e9but de l\u2019ann\u00e9e 2025, 76\u00a0affaires ont \u00e9t\u00e9 initi\u00e9es \u00e0 Nantes et Saint-Nazaire.<\/p>\n<p><b>Cet article est r\u00e9serv\u00e9 aux abonn\u00e9s<\/b><\/p>\n<p>Pour un acc\u00e8s imm\u00e9diat, abonnez-vous<\/p>\n<p><b>1\u00e8re semaine offerte<\/b><\/p>\n<p>\t\t Jean-Marie Cornuaille \u00a0\u00a0<br \/>\n\t\tPresse-Oc\u00e9an<\/p>\n<p>Retrouvez d&rsquo;autres actus sur les communes de :<\/p>\n<p>\t\t&#13;<\/p>\n","protected":false},"excerpt":{"rendered":"Jeudi 13 novembre 2025 13:19 &#8230; 1 La plupart des v\u00e9hicules saisis sont des motocross. \u00a9 Photo DIPN&hellip;\n","protected":false},"author":2,"featured_media":531431,"comment_status":"","ping_status":"","sticky":false,"template":"","format":"standard","meta":{"footnotes":""},"categories":[2818],"tags":[1111,11,10979,15014,14367,14916,1777,674,1011,27,6352,766,12,2636,5536,25,6689,52030,26217,9693],"class_list":{"0":"post-531430","1":"post","2":"type-post","3":"status-publish","4":"format-standard","5":"has-post-thumbnail","7":"category-nantes","8":"tag-actu","9":"tag-actualites","10":"tag-cellule","11":"tag-central","12":"tag-commissariat","13":"tag-dediee","14":"tag-eu","15":"tag-europe","16":"tag-fr","17":"tag-france","18":"tag-mise","19":"tag-nantes","20":"tag-news","21":"tag-pays-de-la-loire","22":"tag-place","23":"tag-republique-francaise","24":"tag-roche","25":"tag-rodeos","26":"tag-urbains","27":"tag-yon"},"share_on_mastodon":{"url":"https:\/\/pubeurope.com\/@fr\/115542690001969940","error":""},"_links":{"self":[{"href":"https:\/\/www.europesays.com\/fr\/wp-json\/wp\/v2\/posts\/531430","targetHints":{"allow":["GET"]}}],"collection":[{"href":"https:\/\/www.europesays.com\/fr\/wp-json\/wp\/v2\/posts"}],"about":[{"href":"https:\/\/www.europesays.com\/fr\/wp-json\/wp\/v2\/types\/post"}],"author":[{"embeddable":true,"href":"https:\/\/www.europesays.com\/fr\/wp-json\/wp\/v2\/users\/2"}],"replies":[{"embeddable":true,"href":"https:\/\/www.europesays.com\/fr\/wp-json\/wp\/v2\/comments?post=531430"}],"version-history":[{"count":0,"href":"https:\/\/www.europesays.com\/fr\/wp-json\/wp\/v2\/posts\/531430\/revisions"}],"wp:featuredmedia":[{"embeddable":true,"href":"https:\/\/www.europesays.com\/fr\/wp-json\/wp\/v2\/media\/531431"}],"wp:attachment":[{"href":"https:\/\/www.europesays.com\/fr\/wp-json\/wp\/v2\/media?parent=531430"}],"wp:term":[{"taxonomy":"category","embeddable":true,"href":"https:\/\/www.europesays.com\/fr\/wp-json\/wp\/v2\/categories?post=531430"},{"taxonomy":"post_tag","embeddable":true,"href":"https:\/\/www.europesays.com\/fr\/wp-json\/wp\/v2\/tags?post=531430"}],"curies":[{"name":"wp","href":"https:\/\/api.w.org\/{rel}","templated":true}]}}