{"id":531432,"date":"2025-11-13T13:44:18","date_gmt":"2025-11-13T13:44:18","guid":{"rendered":"https:\/\/www.europesays.com\/fr\/531432\/"},"modified":"2025-11-13T13:44:18","modified_gmt":"2025-11-13T13:44:18","slug":"a-nantes-la-lutte-contre-les-rodeos-urbains-monte-en-intensite","status":"publish","type":"post","link":"https:\/\/www.europesays.com\/fr\/531432\/","title":{"rendered":"\u00c0 Nantes, la lutte contre les rod\u00e9os urbains monte en intensit\u00e9"},"content":{"rendered":"<p>\n    Plus de 250 op\u00e9rations anti-rod\u00e9o ont \u00e9t\u00e9 organis\u00e9es depuis le d\u00e9but de l\u2019ann\u00e9e par la police de Loire-Atlantique. L\u2019action des forces de l\u2019ordre, d\u00e9sormais \u00e9paul\u00e9es par une cellule d\u00e9di\u00e9e et des drones, se concentre en majorit\u00e9 sur l\u2019agglom\u00e9ration nantaise.<\/p>\n<p class=\"fig-paragraph\">Surtout, ne pas \u00eatre pris de vitesse. La direction interd\u00e9partementale de la police nationale (DIPN) de Loire-Atlantique a pr\u00e9sent\u00e9, jeudi, son bilan provisoire concernant la lutte contre<a href=\"http:\/\/www.lefigaro.fr\/actualite-france\/rodeos-urbains-la-france-en-proie-a-une-fievre-de-violence-mecanique-20250709\" target=\"_blank\" data-fig-type=\"Article\" rel=\"noopener\" data-gtm-custom-categorie=\"navigation\" data-gtm-custom-action=\"crossclick\" data-gtm-custom-label=\"Contextuel\" data-gtm-event=\"customEventSPE\" data-fig-domain=\"LEFIGARO\">\u00a0le ph\u00e9nom\u00e8ne des rod\u00e9os urbains<\/a>. Les op\u00e9rations men\u00e9es contre cette pratique \u00e0 risque et g\u00e9n\u00e9ratrice de nuisances ont abouti, en 2025, \u00e0 76 proc\u00e9dures judiciaires, en grande majorit\u00e9 li\u00e9es \u00e0 des faits qui se sont d\u00e9roul\u00e9s dans l\u2019agglom\u00e9ration nantaise. Soit plus du double du bilan 2024 et un peu plus que les chiffres de 2023 &#8211; qui s\u2019\u00e9levaient respectivement \u00e0 une trentaine et une soixantaine de proc\u00e9dures.<\/p>\n<p class=\"fig-paragraph\">Pour le commandant adjoint de la DIPN, \u00c9ric Eudes, ce bilan \u00e0 la hausse serait \u00e0 mettre sur le compte d\u2019une mont\u00e9e en vigilance des forces de l\u2019ordre. \u00abC\u2019est devenu un axe d\u2019action prioritaire. Nous sommes r\u00e9solus \u00e0 lutter contre ces rod\u00e9os, qui forment une d\u00e9linquance tr\u00e8s visible. Ils sont \u00e0 la source de nuisances sonores importantes et\u00a0<a href=\"http:\/\/www.lefigaro.fr\/nantes\/ils-sont-narquois-arrogants-provocateurs-le-ras-le-bol-des-habitants-face-aux-rodeos-sauvages-pres-de-nantes-20250530\" target=\"_blank\" data-fig-type=\"NewsFlash\" rel=\"noopener\" data-gtm-custom-categorie=\"navigation\" data-gtm-custom-action=\"crossclick\" data-gtm-custom-label=\"Contextuel\" data-gtm-event=\"customEventSPE\" data-fig-domain=\"LEFIGARO\">touchent beaucoup \u00e0 la tranquillit\u00e9 et \u00e0 la s\u00e9curit\u00e9 du public au sens large<\/a> \u00bb, a-t-il d\u00e9clar\u00e9 jeudi, en conf\u00e9rence de presse.<\/p>\n<p>                                    <a class=\"fig-a11y-skip a11y-hidden\" href=\"#fig-a11y-skip-main-inarticle\"><br \/>\n        Passer la publicit\u00e9<br \/>\n    <\/a><\/p>\n<p>Les drones mobilis\u00e9s<\/p>\n<p class=\"fig-paragraph\">Une cellule d\u00e9di\u00e9e aux rod\u00e9os a \u00e9t\u00e9 ouverte, au commissariat central de Nantes, pour affiner le travail des enqu\u00eateurs sur cette forme particuli\u00e8re de d\u00e9linquance routi\u00e8re, particuli\u00e8rement vive pendant l\u2019\u00e9t\u00e9. La mont\u00e9e en puissance de l\u2019\u00e9quipe charg\u00e9e de l\u2019op\u00e9ration\u00a0<a href=\"http:\/\/www.lefigaro.fr\/actualite-france\/greve-du-18-septembre-un-deploiement-sans-precedent-de-drones-pour-surveiller-les-manifestations-20250918\" target=\"_blank\" data-fig-type=\"NewsFlash\" rel=\"noopener\" data-gtm-custom-categorie=\"navigation\" data-gtm-custom-action=\"crossclick\" data-gtm-custom-label=\"Contextuel\" data-gtm-event=\"customEventSPE\" data-fig-domain=\"LEFIGARO\">des drones policiers<\/a>\u00a0permet \u00e9galement de mobiliser ces appareils en soutien aux op\u00e9rations. La captation d\u2019images de flagrant d\u00e9lit par la voie a\u00e9rienne permet ainsi de r\u00e9duire les risques pour les agents sur le terrain.<\/p>\n<p class=\"fig-body-link\">\n            \u00c0 lire aussi<br \/>\n        <a class=\"fig-body-link__link\" href=\"http:\/\/www.lefigaro.fr\/nantes\/nantes-deux-ados-de-15-ans-interpelles-apres-des-coups-de-feu-20251112\" target=\"_blank\" data-fig-type=\"NewsFlash\" rel=\"noopener\" data-gtm-custom-categorie=\"navigation\" data-gtm-custom-action=\"crossclick\" data-gtm-custom-label=\"Contextuel\" data-gtm-event=\"customEventSPE\" data-fig-domain=\"LEFIGARO\"><\/p>\n<p>        Nantes\u00a0: deux ados de 15 ans interpell\u00e9s apr\u00e8s des coups de feu<br \/>\n    <\/a>\n<\/p>\n<p class=\"fig-paragraph\">Selon les autres chiffres diffus\u00e9s par la police nationale, 40% des personnes impliqu\u00e9es dans les rod\u00e9os sont mineures. Dans le d\u00e9partement, plus de 250 op\u00e9rations anti-rod\u00e9o ont \u00e9t\u00e9 men\u00e9es par les forces de l\u2019ordre depuis le d\u00e9but de l\u2019ann\u00e9e ; 40 v\u00e9hicules ont par ailleurs \u00e9t\u00e9 saisis et 35 personnes interpell\u00e9es. \u00abNous sommes mobilis\u00e9s, mais nous sommes aussi preneurs d\u2019informations\u00bb, ajoute \u00c9ric Eudes, qui rappelle que les signalements \u00e0 la police sont toujours les bienvenus. Nouveaut\u00e9 technique d\u00e9ploy\u00e9e depuis quelques mois, les appels au 17 peuvent d\u00e9sormais \u00e9galement \u00eatre assortis de l\u2019envoi de photographies et de vid\u00e9os susceptibles d\u2019identifier des suspects.<\/p>\n<p class=\"fig-paragraph\">En juillet, lors d\u2019une r\u00e9union publique sous grande tension, des habitants de Saint-Herblain, dans la banlieue de Nantes, s\u2019\u00e9taient indign\u00e9s de l\u2019apathie apparente des autorit\u00e9s face aux rod\u00e9os r\u00e9p\u00e9t\u00e9s qui leur pourrissaient la vie.\u00a0<a href=\"http:\/\/www.lefigaro.fr\/nantes\/certains-vivent-avec-les-cigales-nous-on-vit-avec-les-motocross-pres-de-nantes-les-nuisances-motorisees-s-inscrivent-dans-la-duree-20251013\" target=\"_blank\" data-fig-type=\"NewsFlash\" rel=\"noopener\" data-gtm-custom-categorie=\"navigation\" data-gtm-custom-action=\"crossclick\" data-gtm-custom-label=\"Contextuel\" data-gtm-event=\"customEventSPE\" data-fig-domain=\"LEFIGARO\">\u00abCertains vivent avec les cigales. Nous, on vit avec les motocross\u00bb<\/a> , t\u00e9moignait plus r\u00e9cemment, au Figaro, un riverain du secteur herblinois de Pelousi\u00e8re, particuli\u00e8rement touch\u00e9 par le ph\u00e9nom\u00e8ne. Dans le quartier voisin de Bellevue, \u00e0 Nantes, les rod\u00e9os autrefois r\u00e9currents se sont en revanche apais\u00e9s, notamment \u00e0 cause des grands travaux engag\u00e9s pour remodeler le secteur.<\/p>\n","protected":false},"excerpt":{"rendered":"Plus de 250 op\u00e9rations anti-rod\u00e9o ont \u00e9t\u00e9 organis\u00e9es depuis le d\u00e9but de l\u2019ann\u00e9e par la police de Loire-Atlantique.&hellip;\n","protected":false},"author":2,"featured_media":531433,"comment_status":"","ping_status":"","sticky":false,"template":"","format":"standard","meta":{"footnotes":""},"categories":[2818],"tags":[1111,11,1777,674,1011,27,766,12,2636,25,15695,19057],"class_list":{"0":"post-531432","1":"post","2":"type-post","3":"status-publish","4":"format-standard","5":"has-post-thumbnail","7":"category-nantes","8":"tag-actu","9":"tag-actualites","10":"tag-eu","11":"tag-europe","12":"tag-fr","13":"tag-france","14":"tag-nantes","15":"tag-news","16":"tag-pays-de-la-loire","17":"tag-republique-francaise","18":"tag-rodeo-sauvage","19":"tag-rodeo-urbain"},"share_on_mastodon":{"url":"https:\/\/pubeurope.com\/@fr\/115542692032009960","error":""},"_links":{"self":[{"href":"https:\/\/www.europesays.com\/fr\/wp-json\/wp\/v2\/posts\/531432","targetHints":{"allow":["GET"]}}],"collection":[{"href":"https:\/\/www.europesays.com\/fr\/wp-json\/wp\/v2\/posts"}],"about":[{"href":"https:\/\/www.europesays.com\/fr\/wp-json\/wp\/v2\/types\/post"}],"author":[{"embeddable":true,"href":"https:\/\/www.europesays.com\/fr\/wp-json\/wp\/v2\/users\/2"}],"replies":[{"embeddable":true,"href":"https:\/\/www.europesays.com\/fr\/wp-json\/wp\/v2\/comments?post=531432"}],"version-history":[{"count":0,"href":"https:\/\/www.europesays.com\/fr\/wp-json\/wp\/v2\/posts\/531432\/revisions"}],"wp:featuredmedia":[{"embeddable":true,"href":"https:\/\/www.europesays.com\/fr\/wp-json\/wp\/v2\/media\/531433"}],"wp:attachment":[{"href":"https:\/\/www.europesays.com\/fr\/wp-json\/wp\/v2\/media?parent=531432"}],"wp:term":[{"taxonomy":"category","embeddable":true,"href":"https:\/\/www.europesays.com\/fr\/wp-json\/wp\/v2\/categories?post=531432"},{"taxonomy":"post_tag","embeddable":true,"href":"https:\/\/www.europesays.com\/fr\/wp-json\/wp\/v2\/tags?post=531432"}],"curies":[{"name":"wp","href":"https:\/\/api.w.org\/{rel}","templated":true}]}}