{"id":531448,"date":"2025-11-13T13:52:15","date_gmt":"2025-11-13T13:52:15","guid":{"rendered":"https:\/\/www.europesays.com\/fr\/531448\/"},"modified":"2025-11-13T13:52:15","modified_gmt":"2025-11-13T13:52:15","slug":"prison-avec-sursis-requis-contre-le-chef-de-file-des-ecologistes","status":"publish","type":"post","link":"https:\/\/www.europesays.com\/fr\/531448\/","title":{"rendered":"prison avec sursis requis contre le chef de file des \u00e9cologistes"},"content":{"rendered":"<p>\n    Ce jeudi, Hassen Hammou \u00e9tait jug\u00e9 par le tribunal correctionnel de Marseille pour corruption de mineur. Une peine de 18 mois de prison avec sursis a \u00e9t\u00e9 requise \u00e0 son encontre.<\/p>\n<p class=\"fig-paragraph\">Au terme d\u2019une audience de plus de trois heures, le procureur de la R\u00e9publique a requis une peine de 18 mois de prison avec sursis \u00e0 l\u2019encontre de Hassen Hammou, convoqu\u00e9 ce jeudi devant la 12e chambre du tribunal correctionnel de Marseille. Celui qui a \u00e9t\u00e9 \u00e9lu en octobre\u00a0<a href=\"http:\/\/www.lefigaro.fr\/marseille\/elections-municipales-a-marseille-les-ecologistes-favorables-a-une-nouvelle-coalition-de-la-gauche-20251015\" data-fig-type=\"NewsFlash\" data-gtm-custom-categorie=\"navigation\" data-gtm-custom-action=\"crossclick\" data-gtm-custom-label=\"Contextuel\" data-gtm-event=\"customEventSPE\" data-fig-domain=\"LEFIGARO\" target=\"_blank\" rel=\"noopener\">chef de file des \u00e9cologistes<\/a>\u00a0pour les prochaines municipales \u00e0 Marseille est accus\u00e9 de \u00abcorruption de mineur par un moyen de communication \u00e9lectronique\u00bb, soit une incitation d\u2019un mineur par un majeur utilisant un moyen de communication \u00e9lectronique \u00e0 commettre un acte de nature sexuelle.\u00a0Le parquet a \u00e9galement requis une interdiction d\u2019exercer une profession en lien avec les mineurs.<\/p>\n<p class=\"fig-paragraph\">Le militant \u00e9cologiste, membre du bureau ex\u00e9cutif du parti, est accus\u00e9 d\u2019avoir pris contact et \u00e9chang\u00e9 avec au moins un adolescent sur les r\u00e9seaux sociaux et le site controvers\u00e9 de discussion\u00a0<a href=\"http:\/\/www.lefigaro.fr\/faits-divers\/agressions-sexuelles-guet-apens-homophobes-transactions-illicites-le-fondateur-et-gerant-du-site-coco-mis-en-examen-20250109\" data-fig-type=\"NewsFlash\" data-gtm-custom-categorie=\"navigation\" data-gtm-custom-action=\"crossclick\" data-gtm-custom-label=\"Contextuel\" data-gtm-event=\"customEventSPE\" data-fig-domain=\"LEFIGARO\" target=\"_blank\" rel=\"noopener\">Coco<\/a>. La m\u00e8re d\u2019un adolescent \u00e2g\u00e9 de 16 ans au moment des faits a port\u00e9 plainte contre Hassen Hammou. Cette plainte avait \u00e9t\u00e9 r\u00e9v\u00e9l\u00e9e par La Provence quelques jours seulement apr\u00e8s l\u2019\u00e9lection de ce dernier en tant que chef de file des Verts, conduisant \u00e0\u00a0<a href=\"http:\/\/www.lefigaro.fr\/marseille\/municipales-2026-les-ecologistes-suspendent-a-titre-conservatoire-leur-chef-de-file-a-marseille-20251017\" data-fig-type=\"NewsFlash\" data-gtm-custom-categorie=\"navigation\" data-gtm-custom-action=\"crossclick\" data-gtm-custom-label=\"Contextuel\" data-gtm-event=\"customEventSPE\" data-fig-domain=\"LEFIGARO\" target=\"_blank\" rel=\"noopener\">sa mise en retrait.<\/a><\/p>\n<p>                                    <a class=\"fig-a11y-skip a11y-hidden\" href=\"#fig-a11y-skip-main-inarticle\"><br \/>\n        Passer la publicit\u00e9<br \/>\n    <\/a><\/p>\n<p>Huis clos<\/p>\n<p class=\"fig-paragraph\">L\u2019audience s\u2019est tenue \u00e0 huis clos \u00e0 la demande de la partie civile, qui a justifi\u00e9 cette requ\u00eate souhait\u00e9e par son client mineur et sa m\u00e8re compte tenu \u00abde la nature des faits et d\u2019une presse tr\u00e8s importante\u00bb. \u00abLes faits sont constitu\u00e9s et Monsieur Hammou a clairement sollicit\u00e9 des rapports sexuels avec deux mineurs via le site Coco, accuse Mabouyou Diouf, pr\u00e9sident de l\u2019association famille enfant partage solidarit\u00e9 (Afepas), partie civile dans ce dossier. Ce monsieur Hammou a parl\u00e9 de tarifications quant \u00e0 sa sollicitation de relations sexuelles avec les mineurs avant leurs rencontres.\u00bb<\/p>\n<p class=\"fig-paragraph\">\u00abNous avons remarqu\u00e9 ces tergiversations, les renversements de tendance et aussi ses manques de collaboration avec la police puisqu\u2019il a dissimul\u00e9 l\u2019un de ses t\u00e9l\u00e9phones portables et a refus\u00e9 de r\u00e9pondre \u00e0 beaucoup de questions, poursuit-il. Sa mauvaise foi semble manifestement \u00e9tablie.\u00bb \u00abNous attendons le d\u00e9lib\u00e9r\u00e9 qui aura lieu le 16 d\u00e9cembre \u00e0 14 heures, a d\u00e9clar\u00e9 \u00e0 la sortie de l\u2019audience l\u2019avocat de la partie civile, Me Cyril Ammar. Toute d\u00e9claration serait parfaitement pr\u00e9matur\u00e9e, aussi bien sur la culpabilit\u00e9 que sur tout le reste. Nous attendons la d\u00e9cision.\u00bb<\/p>\n<p class=\"fig-paragraph\">Pour Mabouyou Diouf, Hassen Hammou avait connaissance de l\u2019\u00e2ge de ces jeunes gar\u00e7ons car, selon lui, l\u2019un des adolescents avait indiqu\u00e9 qu\u2019il avait 14 ans sur son profil en ligne. D\u00e8s la r\u00e9v\u00e9lation de la plainte, Hassen Hammou a toutefois contest\u00e9 \u00e0 de nombreuses reprises dans la presse les faits qui lui \u00e9taient reproch\u00e9s. \u00abLa relaxe de Monsieur Hammou a \u00e9videmment \u00e9t\u00e9 plaid\u00e9e en l\u2019\u00e9tat de ce dossier et nous attendons d\u00e9sormais le d\u00e9lib\u00e9r\u00e9 du 16 d\u00e9cembre\u00bb, a indiqu\u00e9 au Figaro l\u2019un des avocats du militant \u00e9cologiste, Me Jean Boudot.<\/p>\n","protected":false},"excerpt":{"rendered":"Ce jeudi, Hassen Hammou \u00e9tait jug\u00e9 par le tribunal correctionnel de Marseille pour corruption de mineur. Une peine&hellip;\n","protected":false},"author":2,"featured_media":531449,"comment_status":"","ping_status":"","sticky":false,"template":"","format":"standard","meta":{"footnotes":""},"categories":[2814],"tags":[1111,11,1770,2339,1777,674,1011,27,884,12,2694,882,25],"class_list":{"0":"post-531448","1":"post","2":"type-post","3":"status-publish","4":"format-standard","5":"has-post-thumbnail","7":"category-marseille","8":"tag-actu","9":"tag-actualites","10":"tag-corruption","11":"tag-ecologistes","12":"tag-eu","13":"tag-europe","14":"tag-fr","15":"tag-france","16":"tag-marseille","17":"tag-news","18":"tag-proces","19":"tag-provence-alpes-cote-dazur","20":"tag-republique-francaise"},"share_on_mastodon":{"url":"https:\/\/pubeurope.com\/@fr\/115542723454123775","error":""},"_links":{"self":[{"href":"https:\/\/www.europesays.com\/fr\/wp-json\/wp\/v2\/posts\/531448","targetHints":{"allow":["GET"]}}],"collection":[{"href":"https:\/\/www.europesays.com\/fr\/wp-json\/wp\/v2\/posts"}],"about":[{"href":"https:\/\/www.europesays.com\/fr\/wp-json\/wp\/v2\/types\/post"}],"author":[{"embeddable":true,"href":"https:\/\/www.europesays.com\/fr\/wp-json\/wp\/v2\/users\/2"}],"replies":[{"embeddable":true,"href":"https:\/\/www.europesays.com\/fr\/wp-json\/wp\/v2\/comments?post=531448"}],"version-history":[{"count":0,"href":"https:\/\/www.europesays.com\/fr\/wp-json\/wp\/v2\/posts\/531448\/revisions"}],"wp:featuredmedia":[{"embeddable":true,"href":"https:\/\/www.europesays.com\/fr\/wp-json\/wp\/v2\/media\/531449"}],"wp:attachment":[{"href":"https:\/\/www.europesays.com\/fr\/wp-json\/wp\/v2\/media?parent=531448"}],"wp:term":[{"taxonomy":"category","embeddable":true,"href":"https:\/\/www.europesays.com\/fr\/wp-json\/wp\/v2\/categories?post=531448"},{"taxonomy":"post_tag","embeddable":true,"href":"https:\/\/www.europesays.com\/fr\/wp-json\/wp\/v2\/tags?post=531448"}],"curies":[{"name":"wp","href":"https:\/\/api.w.org\/{rel}","templated":true}]}}