{"id":531464,"date":"2025-11-13T14:02:20","date_gmt":"2025-11-13T14:02:20","guid":{"rendered":"https:\/\/www.europesays.com\/fr\/531464\/"},"modified":"2025-11-13T14:02:20","modified_gmt":"2025-11-13T14:02:20","slug":"la-russie-devoile-son-premier-robot-humanoide-dote-dia-lengin-seffondre-sur-scene-apres-quelques-secondes","status":"publish","type":"post","link":"https:\/\/www.europesays.com\/fr\/531464\/","title":{"rendered":"La Russie d\u00e9voile son premier robot humano\u00efde dot\u00e9 d\u2019IA, l\u2019engin s\u2019effondre sur sc\u00e8ne apr\u00e8s quelques secondes"},"content":{"rendered":"<p>\n                                                                    l&rsquo;essentiel<br \/>\n                                                                La Russie a d\u00e9voil\u00e9 en d\u00e9but de semaine son premier robot humano\u00efde \u00e9quip\u00e9 d\u2019intelligence artificielle. Un lancement qui s\u2019est rapidement r\u00e9v\u00e9l\u00e9 chaotique\u00a0: le gadget s\u2019est \u00e9croul\u00e9 sur sc\u00e8ne en pleine pr\u00e9sentation, devenant rapidement la ris\u00e9e des r\u00e9seaux sociaux.\n                            <\/p>\n<p>L\u2019entr\u00e9e en sc\u00e8ne du premier robot humano\u00efde russe dot\u00e9 d\u2019intelligence artificielle (IA) a \u00e9t\u00e9 un \u00e9chec\u00a0! Pr\u00e9sent\u00e9 \u00e0 Moscou le mardi 11\u00a0novembre\u00a0lors d\u2019un \u00e9v\u00e8nement d\u00e9di\u00e9 aux nouvelles technologies, le gadget, baptis\u00e9 AIdol, s\u2019est effondr\u00e9 sur la sc\u00e8ne apr\u00e8s ses premiers pas, contraignant les personnes le manipulant \u00e0 le cacher du public. La s\u00e9quence a rapidement fait le tour des r\u00e9seaux sociaux, l\u2019engin devenant la ris\u00e9e des internautes.<\/p>\n<p>Sur <a href=\"https:\/\/x.com\/nexta_tv\/status\/1988299581386616963\" target=\"_self\" rel=\"nofollow\">une vid\u00e9o<\/a>, on peut observer le robot anthropomorphe faire son entr\u00e9e, guid\u00e9 par deux hommes et accompagn\u00e9 en musique de la bande originale de Rocky. Mais apr\u00e8s seulement quelques pas chancelants, l\u2019engin tombe face la premi\u00e8re contre terre sur sc\u00e8ne. Les deux personnes accompagnant le robot tentent alors tant bien que mal de le tirer en coulisses pendant qu\u2019une troisi\u00e8me personne essaye de d\u00e9ployer un rideau noir pour cacher la triste sc\u00e8ne, toujours rythm\u00e9e du th\u00e8me de Rocky.<\/p>\n<blockquote data-class=\"twitter-tweet\">\n<p lang=\"en\" dir=\"ltr\">\\ud83d\\ude01 Nothing unusual \u2014 just Russia\u2019s much-hyped humanoid AI robot collapsing on stage during its debut presentation.<\/p>\n<p>Apparently, it couldn\u2019t handle Russian reality. <a href=\"https:\/\/t.co\/czFlclTYX5\" rel=\"nofollow\">pic.twitter.com\/czFlclTYX5<\/a><\/p>\n<p>\u2014 NEXTA (@nexta_tv) <a href=\"https:\/\/twitter.com\/nexta_tv\/status\/1988299581386616963?ref_src=twsrc%5Etfw\" rel=\"nofollow noopener\" target=\"_blank\">November 11, 2025<\/a><\/p><\/blockquote>\n<p>La pr\u00e9sentation du produit d\u2019AIdol devait marquer l\u2019entr\u00e9e en mati\u00e8re de la Russie dans la course aux robots dot\u00e9s d\u2019IA. Selon la soci\u00e9t\u00e9, dirig\u00e9e par\u00a0Vladimir Vitukhin, affirme que le robot int\u00e8gre \u00ab\u00a0le mouvement, la manipulation d\u2019objets et l\u2019interaction avec les personnes\u00a0\u00bb gr\u00e2ce \u00e0 une intelligence artificielle \u00ab\u00a0incarn\u00e9e\u00a0\u00bb, <a href=\"https:\/\/aidoltech.ru\/index.html\" target=\"_self\" rel=\"nofollow noopener\">d\u00e9crit l\u2019entreprise sur son site internet<\/a>.<\/p>\n<p>        <img decoding=\"async\" class=\"std-img__img responsive-img\" src=\"https:\/\/www.europesays.com\/fr\/wp-content\/uploads\/2025\/11\/1763042540_980_image.jpg\" alt=\"Le robot humano\u00efde russe AIdol s\u2019est effondr\u00e9 lors de sa pr\u00e9sentation \u00e0 Moscou\"\/><\/p>\n<p>                Le robot humano\u00efde russe AIdol s\u2019est effondr\u00e9 lors de sa pr\u00e9sentation \u00e0 Moscou<br \/>\n                                    MAXPPP<\/p>\n<p>\u00ab\u00a0C\u2019est exactement ce qu\u2019est l\u2019apprentissage en temps r\u00e9el\u00a0: quand une erreur r\u00e9ussie se transforme en connaissance, et une erreur rat\u00e9e en exp\u00e9rience. J\u2019esp\u00e8re que cette erreur deviendra une exp\u00e9rience\u00a0\u00bb, a r\u00e9agi\u00a0son PDG selon le m\u00e9dia russophone\u00a0<a href=\"https:\/\/meduza.io\/en\/feature\/2025\/11\/12\/russia-s-ai-robot-stumbles-and-falls-on-its-face-in-debut-appearance\" target=\"_self\" rel=\"nofollow noopener\">Meduza<\/a>.\u00a0Selon lui, le probl\u00e8me a \u00e9t\u00e9 caus\u00e9 par les cam\u00e9ras st\u00e9r\u00e9os du robot, sensibles \u00e0 l\u2019\u00e9clairage, la salle o\u00f9 la pr\u00e9sentation a eu lieu \u00e9tant sombre.<\/p>\n<p>                                                                                                                                                                                                        <script async src=\"https:\/\/platform.twitter.com\/widgets.js\" charset=\"utf-8\"><\/script><\/p>\n","protected":false},"excerpt":{"rendered":"l&rsquo;essentiel La Russie a d\u00e9voil\u00e9 en d\u00e9but de semaine son premier robot humano\u00efde \u00e9quip\u00e9 d\u2019intelligence artificielle. Un lancement&hellip;\n","protected":false},"author":2,"featured_media":531465,"comment_status":"","ping_status":"","sticky":false,"template":"","format":"standard","meta":{"footnotes":""},"categories":[1591],"tags":[11,1887,12,1885,1886,132],"class_list":{"0":"post-531464","1":"post","2":"type-post","3":"status-publish","4":"format-standard","5":"has-post-thumbnail","7":"category-russie","8":"tag-actualites","9":"tag-federation-de-russie","10":"tag-news","11":"tag-russia","12":"tag-russian-federation","13":"tag-russie"},"share_on_mastodon":{"url":"https:\/\/pubeurope.com\/@fr\/115542763707647523","error":""},"_links":{"self":[{"href":"https:\/\/www.europesays.com\/fr\/wp-json\/wp\/v2\/posts\/531464","targetHints":{"allow":["GET"]}}],"collection":[{"href":"https:\/\/www.europesays.com\/fr\/wp-json\/wp\/v2\/posts"}],"about":[{"href":"https:\/\/www.europesays.com\/fr\/wp-json\/wp\/v2\/types\/post"}],"author":[{"embeddable":true,"href":"https:\/\/www.europesays.com\/fr\/wp-json\/wp\/v2\/users\/2"}],"replies":[{"embeddable":true,"href":"https:\/\/www.europesays.com\/fr\/wp-json\/wp\/v2\/comments?post=531464"}],"version-history":[{"count":0,"href":"https:\/\/www.europesays.com\/fr\/wp-json\/wp\/v2\/posts\/531464\/revisions"}],"wp:featuredmedia":[{"embeddable":true,"href":"https:\/\/www.europesays.com\/fr\/wp-json\/wp\/v2\/media\/531465"}],"wp:attachment":[{"href":"https:\/\/www.europesays.com\/fr\/wp-json\/wp\/v2\/media?parent=531464"}],"wp:term":[{"taxonomy":"category","embeddable":true,"href":"https:\/\/www.europesays.com\/fr\/wp-json\/wp\/v2\/categories?post=531464"},{"taxonomy":"post_tag","embeddable":true,"href":"https:\/\/www.europesays.com\/fr\/wp-json\/wp\/v2\/tags?post=531464"}],"curies":[{"name":"wp","href":"https:\/\/api.w.org\/{rel}","templated":true}]}}