{"id":531466,"date":"2025-11-13T14:03:17","date_gmt":"2025-11-13T14:03:17","guid":{"rendered":"https:\/\/www.europesays.com\/fr\/531466\/"},"modified":"2025-11-13T14:03:17","modified_gmt":"2025-11-13T14:03:17","slug":"en-direct-france-ukraine-les-bleus-vont-ils-se-qualifier-pour-la-coupe-du-monde-2026-suivez-le-match-sur-tf1","status":"publish","type":"post","link":"https:\/\/www.europesays.com\/fr\/531466\/","title":{"rendered":"EN DIRECT &#8211; France-Ukraine : les Bleus vont-ils se qualifier pour la Coupe du monde 2026 ? Suivez le match sur TF1"},"content":{"rendered":"<ul class=\"jsx-862013697 ArticleChapo__List\">\n<li class=\"jsx-862013697 ArticleChapo__List_Item flex\">L&rsquo;\u00e9quipe de France re\u00e7oit l&rsquo;Ukraine ce jeudi 13 novembre au Parc des Princes, \u00e0 l&rsquo;occasion de la 5\u1d49 journ\u00e9e des \u00e9liminatoires du Mondial 2026.<\/li>\n<li class=\"jsx-862013697 ArticleChapo__List_Item flex\">En cas de succ\u00e8s, les Bleus d\u00e9crocheront officiellement leur place pour l&rsquo;Am\u00e9rique.<\/li>\n<li class=\"jsx-862013697 ArticleChapo__List_Item flex\">Suivez cette rencontre d\u00e8s 20h45 en direct sur TF1, en streaming sur TF1+ et en live comment\u00e9 sur TF1info.<\/li>\n<\/ul>\n<p data-module=\"article-paragraph\" class=\"jsx-3046738180 Paragraph Paragraph__End\">La qualification n&rsquo;attend plus. Un mois apr\u00e8s avoir <a href=\"https:\/\/www.tf1info.fr\/sport\/direct-islande-france-live-football-tf1-video-sans-mbappe-les-bleus-qualifies-pour-la-coupe-du-monde-2026-des-ce-soir-2400330.html\" target=\"_blank\" rel=\"noopener\">manqu\u00e9 de d\u00e9crocher son billet (nouvelle fen\u00eatre)<\/a> pour la Coupe du monde 2026, l&rsquo;\u00e9quipe de France a une nouvelle possibilit\u00e9 de valider son voyage de l&rsquo;autre c\u00f4t\u00e9 de l&rsquo;Atlantique l&rsquo;\u00e9t\u00e9 prochain. Ce jeudi 13 novembre, \u00e0 partir de 20h45 (en direct sur TF1 et en streaming sur <a href=\"https:\/\/www.tf1.fr\/tf1\/direct\" target=\"_blank\" rel=\"noopener\">TF1+ (nouvelle fen\u00eatre)<\/a>), les Bleus ont l&rsquo;opportunit\u00e9 de se qualifier pour leur 15\u1d49 phase finale cons\u00e9cutive, <a href=\"https:\/\/www.tf1info.fr\/actualite\/foot-football-edf-le-selectionneur-didier-deschamps-quittera-l-equipe-de-france-en-2026-la-fin-d-une-ere-13857\/\" target=\"_blank\" rel=\"noopener\">la derni\u00e8re pour Didier Deschamps \u00e0 la t\u00eate de la s\u00e9lection<\/a>.<\/p>\n<p>\u00ab\u00a0Des choses bien plus importantes\u00a0\u00bb en ce 13 novembre<\/p>\n<p data-module=\"article-paragraph\" class=\"jsx-3046738180 Paragraph Paragraph__End\">Pour cela, une seule solution : battre l&rsquo;Ukraine <a href=\"https:\/\/www.tf1info.fr\/sport\/football-mondial-2026-france-islande-pourquoi-le-match-se-jouera-t-il-au-parc-des-princes-2393524.html\" target=\"_blank\" rel=\"noopener\">au Parc des Princes<\/a>. Les Tricolores, 10 points sur 12 possibles au compteur, disposent de trois longueurs d&rsquo;avance sur leurs adversaires du soir, et six sur l&rsquo;Islande. En cas de succ\u00e8s, ils ne pourraient donc plus \u00eatre rattrap\u00e9s et seraient bien pr\u00e9sents lors du tirage au sort du 5 d\u00e9cembre prochain (\u00e0 suivre en live comment\u00e9 sur TF1info). En revanche, en cas de nul ou de d\u00e9faite, tout se jouera lors de l&rsquo;ultime sortie des Bleus, dimanche 16 novembre en Azerba\u00efdjan (18h sur TF1, TF1+ et TF1info).<\/p>\n<p data-module=\"article-paragraph\" class=\"jsx-3046738180 Paragraph Paragraph__End\">\u00ab\u00a0On a conscience de l&rsquo;importance du match\u00a0\u00bb, a insist\u00e9 mercredi Didier Deschamps devant la presse. \u00ab\u00a0La qualification d\u00e9pend de nous.\u00a0\u00bb M\u00eame si l&rsquo;issue de la soir\u00e9e est positive, elle ne devrait pas \u00eatre franchement festive pour des Bleus qui auraient pr\u00e9f\u00e9r\u00e9 <a href=\"https:\/\/www.tf1info.fr\/sport\/france-ukraine-13-novembre-2025-si-on-avait-pu-eviter-didier-deschamps-regrette-la-date-du-match-2405172.html\" target=\"_blank\" rel=\"noopener\">ne pas fouler les pelouses un 13 novembre<\/a>, une d\u00e9cennie jour pour jour apr\u00e8s les attentats de Paris et Saint-Denis. \u00ab\u00a0Il y a des choses bien plus importantes\u00a0\u00bb qu&rsquo;une \u00ab\u00a0qualification \u00e0 la Coupe du monde\u00a0\u00bb, a d&rsquo;ailleurs insist\u00e9 le capitaine <a href=\"https:\/\/www.tf1info.fr\/actualite\/fiche-joueur-kylian-mbappe-11796\/\" target=\"_blank\" rel=\"noopener\">Kylian Mbapp\u00e9<\/a>.<\/p>\n<p><img decoding=\"async\" src=\"https:\/\/www.europesays.com\/fr\/wp-content\/uploads\/2025\/05\/parc-des-princes-huis-clos-61dd24-0@1x.jpeg\" alt=\"Le parc des Princes, vide, ne sera pas rempli avant le mois de septembre\" loading=\"lazy\" importance=\"low\" fetchpriority=\"low\" class=\"\"\/>A VENIR<\/p>\n<p class=\"jsx-1738046559 ScoreBoard__SubTitle\">\u00c9liminatoires de la Coupe du monde 2026<\/p>\n<p class=\"jsx-1738046559 ScoreBoard__SubTitle\">Le 13 novembre 2025 , Parc des Princes<\/p>\n<p class=\"jsx-1738046559 ScoreBoard__Teams__NameA\">France<\/p>\n<p class=\"jsx-1738046559 ScoreBoard__Teams__NameB\">Ukraine<\/p>\n<p><img decoding=\"async\" src=\"https:\/\/www.europesays.com\/fr\/wp-content\/uploads\/2025\/10\/logo-france-uefa-709836-0@1x.png\" alt=\"\" loading=\"eager\" importance=\"low\" fetchpriority=\"low\" class=\"\"\/><\/p>\n<p>0 &#8211; 0<\/p>\n<p><img decoding=\"async\" src=\"https:\/\/www.europesays.com\/fr\/wp-content\/uploads\/2025\/11\/logo-ukraine-uefa-39315a-0@1x.png\" alt=\"\" loading=\"eager\" importance=\"low\" fetchpriority=\"low\" class=\"\"\/>Minute par minute<\/p>\n<p data-module=\"article-paragraph\" class=\"jsx-3046738180 Paragraph Paragraph__End\"><strong>Suivez la rencontre d\u00e9cisive des \u00e9liminatoires de la Coupe du monde 2026 entre la France et l&rsquo;Ukraine d\u00e8s 20h45 en direct sur TF1, en streaming sur TF1+ et en live comment\u00e9 avec vid\u00e9os des meilleurs moments du match sur TF1info.<\/strong><\/p>\n<p>Id\u00e8r NABILI<\/p>\n","protected":false},"excerpt":{"rendered":"L&rsquo;\u00e9quipe de France re\u00e7oit l&rsquo;Ukraine ce jeudi 13 novembre au Parc des Princes, \u00e0 l&rsquo;occasion de la 5\u1d49&hellip;\n","protected":false},"author":2,"featured_media":369171,"comment_status":"","ping_status":"","sticky":false,"template":"","format":"standard","meta":{"footnotes":""},"categories":[1590],"tags":[1111,11,1921,49847,24277,20532,64,6713,1777,674,63,1922,6477,12,199,220,133,4712],"class_list":{"0":"post-531466","1":"post","2":"type-post","3":"status-publish","4":"format-standard","5":"has-post-thumbnail","7":"category-ukraine","8":"tag-actu","9":"tag-actualites","10":"tag-article-video","11":"tag-coupe-du-monde-2026-de-football","12":"tag-coupe-du-monde-de-football","13":"tag-didier-deschamps","14":"tag-equipe-de-france","15":"tag-equipe-de-france-de-football","16":"tag-eu","17":"tag-europe","18":"tag-football","19":"tag-info","20":"tag-kylian-mbappe","21":"tag-news","22":"tag-tf1","23":"tag-ukraine","24":"tag-video","25":"tag-video-sports"},"share_on_mastodon":{"url":"https:\/\/pubeurope.com\/@fr\/115542767769706256","error":""},"_links":{"self":[{"href":"https:\/\/www.europesays.com\/fr\/wp-json\/wp\/v2\/posts\/531466","targetHints":{"allow":["GET"]}}],"collection":[{"href":"https:\/\/www.europesays.com\/fr\/wp-json\/wp\/v2\/posts"}],"about":[{"href":"https:\/\/www.europesays.com\/fr\/wp-json\/wp\/v2\/types\/post"}],"author":[{"embeddable":true,"href":"https:\/\/www.europesays.com\/fr\/wp-json\/wp\/v2\/users\/2"}],"replies":[{"embeddable":true,"href":"https:\/\/www.europesays.com\/fr\/wp-json\/wp\/v2\/comments?post=531466"}],"version-history":[{"count":0,"href":"https:\/\/www.europesays.com\/fr\/wp-json\/wp\/v2\/posts\/531466\/revisions"}],"wp:featuredmedia":[{"embeddable":true,"href":"https:\/\/www.europesays.com\/fr\/wp-json\/wp\/v2\/media\/369171"}],"wp:attachment":[{"href":"https:\/\/www.europesays.com\/fr\/wp-json\/wp\/v2\/media?parent=531466"}],"wp:term":[{"taxonomy":"category","embeddable":true,"href":"https:\/\/www.europesays.com\/fr\/wp-json\/wp\/v2\/categories?post=531466"},{"taxonomy":"post_tag","embeddable":true,"href":"https:\/\/www.europesays.com\/fr\/wp-json\/wp\/v2\/tags?post=531466"}],"curies":[{"name":"wp","href":"https:\/\/api.w.org\/{rel}","templated":true}]}}