{"id":531467,"date":"2025-11-13T14:04:14","date_gmt":"2025-11-13T14:04:14","guid":{"rendered":"https:\/\/www.europesays.com\/fr\/531467\/"},"modified":"2025-11-13T14:04:14","modified_gmt":"2025-11-13T14:04:14","slug":"a-quand-la-reprise-complete-des-vols-aux-usa","status":"publish","type":"post","link":"https:\/\/www.europesays.com\/fr\/531467\/","title":{"rendered":"\u00e0 quand la reprise compl\u00e8te des vols aux USA ?"},"content":{"rendered":"<p>\t\t\t\t\t Une d\u00e9cision qui a \u00e9t\u00e9 imm\u00e9diatement salu\u00e9e par les compagnies a\u00e9riennes.<\/p>\n<p>\u00ab\u00a0Malgr\u00e9 les difficult\u00e9s, nos \u00e9quipes continuent de se mobiliser et de prendre soin de nos clients malgr\u00e9 les perturbations de voyage li\u00e9es \u00e0 la fermeture des services a\u00e9riens.&#13;\t\t\t\t\t <\/p>\n<p>(&#8230;) <b>Je suis profond\u00e9ment reconnaissant envers les agents de l&rsquo;aviation civile qui ont travaill\u00e9 dans des conditions extr\u00eamement difficiles <\/b>pendant des semaines sans \u00eatre pay\u00e9s, afin que nos clients puissent voyager en toute s\u00e9curit\u00e9. &#13;\t\t\t\t\t <\/p>\n<p>(&#8230;) <b>Nous sommes pr\u00eats \u00e0 reprendre nos activit\u00e9s<\/b> et nous avons h\u00e2te de proposer un programme de vols complet, notamment \u00e0 l&rsquo;approche de Thanksgiving et des f\u00eates de fin d&rsquo;ann\u00e9e,\u00a0\u00bb a d\u00e9clar\u00e9 Robert Isom, PDG d&rsquo;American Airlines. &#13;\t\t\t\t\t <\/p>\n<p>Pour l\u2019heure, personne ne sait r\u00e9ellement quand le retour \u00e0 la normale sera effectif dans le ciel am\u00e9ricain. Cela pourrait prendre plusieurs jours, selon les m\u00e9dias locaux.&#13;\t\t\t\t\t <\/p>\n<p><b>Depuis vendredi dernier, plus de 10 000 vols ont \u00e9t\u00e9 annul\u00e9s et des dizaines de milliers retard\u00e9s, parfois pendant des heures.<\/b> Les \u00c9tats-Unis ont v\u00e9cu un <a class=\"liens\" href=\"https:\/\/www.tourmag.com\/USA-apres-un-week-end-de-chaos-vers-une-sortie-de-crise-du-shutdown_a129287.html\" target=\"_blank\" rel=\"noopener\">v\u00e9ritable chaos a\u00e9rien<\/a> pendant plusieurs jours, alors m\u00eame que la f\u00eate de Thanksgiving approchait, faisant craindre le pire.&#13;\t\t\t\t\t <\/p>\n<p>En 2024, pr\u00e8s de 20 millions d\u2019Am\u00e9ricains avaient voyag\u00e9 pendant cette semaine comm\u00e9morative.&#13;\t\t\t\t\t <\/p>\n<p><b>Un retour \u00e0 la normale qui ne se fera pas en un claquement de doigts,<\/b> pr\u00e9vient Eric Chaffee, professeur \u00e0 l\u2019Universit\u00e9 Case Western Reserve et sp\u00e9cialiste de la gestion des risques.&#13;\t\t\t\t\t <\/p>\n<p>Il explique \u00e0 nos confr\u00e8res <a class=\"liens\" href=\"https:\/\/abcnews.go.com\/US\/wireStory\/faa-flight-cuts-stay-6-air-traffic-controllers-127475741\" target=\"_blank\" rel=\"noopener\">d\u2019ABC News<\/a> que \u00ab\u00a0les compagnies a\u00e9riennes sont confront\u00e9es \u00e0 des obstacles complexes, notamment la reconstitution des programmes de vols planifi\u00e9s des mois \u00e0 l\u2019avance.\u00a0\u00bb&#13;\t\t\t\t\t <\/p>\n<p>Sur la seule journ\u00e9e du mercredi 12 novembre, le site FlightAware a recens\u00e9 2 592 vols retard\u00e9s et 910 annul\u00e9s. <b>Ce jour, alors m\u00eame que la journ\u00e9e n\u2019a pas encore d\u00e9but\u00e9 aux \u00c9tats-Unis, 990 vols sont d\u00e9j\u00e0 annul\u00e9s et 462 affichent du retard.<\/b>\n\t\t\t\t <\/p>\n","protected":false},"excerpt":{"rendered":"Une d\u00e9cision qui a \u00e9t\u00e9 imm\u00e9diatement salu\u00e9e par les compagnies a\u00e9riennes. \u00ab\u00a0Malgr\u00e9 les difficult\u00e9s, nos \u00e9quipes continuent de&hellip;\n","protected":false},"author":2,"featured_media":531468,"comment_status":"","ping_status":"","sticky":false,"template":"","format":"standard","meta":{"footnotes":""},"categories":[1589],"tags":[55322,11,73,1866,12,602,1864,1865,1863,308],"class_list":{"0":"post-531467","1":"post","2":"type-post","3":"status-publish","4":"format-standard","5":"has-post-thumbnail","7":"category-etats-unis","8":"tag-shutdown","9":"tag-actualites","10":"tag-etats-unis","11":"tag-etats-unis-damerique","12":"tag-news","13":"tag-tourisme","14":"tag-united-states","15":"tag-united-states-of-america","16":"tag-us","17":"tag-usa"},"share_on_mastodon":{"url":"https:\/\/pubeurope.com\/@fr\/115542770763423825","error":""},"_links":{"self":[{"href":"https:\/\/www.europesays.com\/fr\/wp-json\/wp\/v2\/posts\/531467","targetHints":{"allow":["GET"]}}],"collection":[{"href":"https:\/\/www.europesays.com\/fr\/wp-json\/wp\/v2\/posts"}],"about":[{"href":"https:\/\/www.europesays.com\/fr\/wp-json\/wp\/v2\/types\/post"}],"author":[{"embeddable":true,"href":"https:\/\/www.europesays.com\/fr\/wp-json\/wp\/v2\/users\/2"}],"replies":[{"embeddable":true,"href":"https:\/\/www.europesays.com\/fr\/wp-json\/wp\/v2\/comments?post=531467"}],"version-history":[{"count":0,"href":"https:\/\/www.europesays.com\/fr\/wp-json\/wp\/v2\/posts\/531467\/revisions"}],"wp:featuredmedia":[{"embeddable":true,"href":"https:\/\/www.europesays.com\/fr\/wp-json\/wp\/v2\/media\/531468"}],"wp:attachment":[{"href":"https:\/\/www.europesays.com\/fr\/wp-json\/wp\/v2\/media?parent=531467"}],"wp:term":[{"taxonomy":"category","embeddable":true,"href":"https:\/\/www.europesays.com\/fr\/wp-json\/wp\/v2\/categories?post=531467"},{"taxonomy":"post_tag","embeddable":true,"href":"https:\/\/www.europesays.com\/fr\/wp-json\/wp\/v2\/tags?post=531467"}],"curies":[{"name":"wp","href":"https:\/\/api.w.org\/{rel}","templated":true}]}}