{"id":531469,"date":"2025-11-13T14:05:15","date_gmt":"2025-11-13T14:05:15","guid":{"rendered":"https:\/\/www.europesays.com\/fr\/531469\/"},"modified":"2025-11-13T14:05:15","modified_gmt":"2025-11-13T14:05:15","slug":"elle-fait-partie-du-royaume-uni-mais-lecosse-va-lancer-le-premier-emprunt-public-de-son-histoire-une-marche-vers-son-independance","status":"publish","type":"post","link":"https:\/\/www.europesays.com\/fr\/531469\/","title":{"rendered":"elle fait partie du Royaume-Uni mais l&rsquo;\u00c9cosse va lancer le premier emprunt public de son histoire (une marche vers son ind\u00e9pendance?)"},"content":{"rendered":"<p>L&rsquo;\u00c9cosse entend lancer un emprunt public en 2026\/2027, notamment pour le financement d&rsquo;infrastructures cl\u00e9s, gr\u00e2ce \u00e0 une loi vot\u00e9 en 2014.<\/p>\n<p>Le gouvernement \u00e9cossais a annonc\u00e9 jeudi son intention de lancer ses premi\u00e8res obligations au cours de l&rsquo;exercice 2026\/2027, une \u00e9mission rendue possible par une loi vot\u00e9e apr\u00e8s le r\u00e9f\u00e9rendum sur l&rsquo;ind\u00e9pendance de 2014.<\/p>\n<p>Les recettes doivent permettre de \u00ab\u00a0financer les investissements en capital dans les infrastructures cl\u00e9s\u00a0\u00bb, a soulign\u00e9 dans un communiqu\u00e9 le Premier ministre \u00e9cossais, John Swinney, du parti ind\u00e9pendantiste SNP.<\/p>\n<p>Surnomm\u00e9es \u00ab\u00a0obligations kilts\u00a0\u00bb, ce programme obligataire qui s&rsquo;\u00e9tendra sur l&rsquo;ensemble de la prochaine l\u00e9gislature s&rsquo;\u00e9l\u00e8vera \u00e0 1,5 milliard de livres (1,13 milliard d&rsquo;euros).<\/p>\n<p>Bien que faisant partie du Royaume-Uni, l\u2019\u00c9cosse fonctionne comme une nation d\u00e9centralis\u00e9e, dot\u00e9e de son propre gouvernement. Le Parlement \u00e9cossais d\u00e9tient certains pouvoirs, notamment en mati\u00e8re d\u2019imp\u00f4t sur le revenu et sur quelques aspects \u00e9conomiques, mais les grandes orientations de politique macro\u00e9conomique demeurent sous la responsabilit\u00e9 du gouvernement britannique.<\/p>\n<p>Il y a pr\u00e8s de dix ans, \u00c9dimbourg a obtenu le droit d\u2019\u00e9mettre ses propres obligations, m\u00eame si, jusqu\u2019\u00e0 r\u00e9cemment, le pays empruntait encore aupr\u00e8s du Fonds national de pr\u00eats du Royaume-Uni.<\/p>\n<p>Continuer \u00e0 se mobiliser<\/p>\n<p>Lors du r\u00e9f\u00e9rendum de 2014, les \u00c9cossais ont rejet\u00e9 de peu l\u2019ind\u00e9pendance, mais le gouvernement dirig\u00e9 par John Swinney affirme vouloir poursuivre la marche vers la souverainet\u00e9.<\/p>\n<p>Une loi de 2016, vot\u00e9e apr\u00e8s le r\u00e9f\u00e9rendum sur l&rsquo;ind\u00e9pendance de 2014 qui avait vu le \u00ab\u00a0non\u00a0\u00bb l&#8217;emporter \u00e0 55%, a octroy\u00e9 de nouveaux pouvoirs \u00e0 l&rsquo;\u00c9cosse, dont celui d&rsquo;\u00e9mettre ses propres bons du Tr\u00e9sor pour financer des investissements, avec une limite de 450 millions de livres par an.<\/p>\n<p>La question de l&rsquo;ind\u00e9pendance domine la politique \u00e9cossaise depuis l&rsquo;arriv\u00e9e au pouvoir du SNP au Parlement \u00e0 \u00c9dimbourg en 2007. John Swinney avait appel\u00e9 l&rsquo;an pass\u00e9 ses partisans \u00e0 continuer \u00e0 se mobiliser en sa faveur.<\/p>\n<p><a href=\"https:\/\/www.bfmtv.com\/economie\/economie-social\/finances-publiques\/deficit-dette-budget-et-incertitude-la-note-francaise-menacee-de-passer-en-categorie-inferieure-ce-vendredi_AD-202509120095.html\" title=\"&quot;Une d\u00e9gradation serait logique&quot;: 17 pays europ\u00e9ens ont une moins bonne note sur leur dette que la France avec pourtant de meilleures finances publiques\" class=\"internal_link\" rel=\"nofollow noopener\" target=\"_blank\">Les agences de notation<\/a> de cr\u00e9dit Moody&rsquo;s et S&amp;P Global ont l&rsquo;une et l&rsquo;autre accord\u00e9 mercredi soir \u00e0 la dette \u00e9cossaise la m\u00eame note que celle du Royaume-Uni &#8211; Aa3 pour la premi\u00e8re, AA pour la seconde -, sup\u00e9rieure \u00e0 celles de l&rsquo;Espagne, de l&rsquo;Italie ou du Japon, souligne le gouvernement \u00e9cossais dans un autre communiqu\u00e9.<\/p>\n<p>Moody&rsquo;s et S&amp;P Global ont cependant soulign\u00e9 l&rsquo;une et l&rsquo;autre que la note de l&rsquo;\u00c9cosse pourrait \u00eatre abaiss\u00e9e en cas de mesures vers l&rsquo;ind\u00e9pendance du Royaume-Uni.<\/p>\n<p>Les taux d&rsquo;int\u00e9r\u00eat de la dette britannique se sont envol\u00e9s \u00e0 plusieurs reprises en 2025, au gr\u00e9 des annonces \u00e9conomiques du gouvernement travailliste du Premier minister Keir Starmer, mais sont depuis redescendus.<\/p>\n","protected":false},"excerpt":{"rendered":"L&rsquo;\u00c9cosse entend lancer un emprunt public en 2026\/2027, notamment pour le financement d&rsquo;infrastructures cl\u00e9s, gr\u00e2ce \u00e0 une loi&hellip;\n","protected":false},"author":2,"featured_media":531470,"comment_status":"","ping_status":"","sticky":false,"template":"","format":"standard","meta":{"footnotes":""},"categories":[1588],"tags":[11,1777,674,12,473,1853,1851,1850,1852],"class_list":{"0":"post-531469","1":"post","2":"type-post","3":"status-publish","4":"format-standard","5":"has-post-thumbnail","7":"category-royaume-uni","8":"tag-actualites","9":"tag-eu","10":"tag-europe","11":"tag-news","12":"tag-royaume-uni","13":"tag-royaume-uni-de-grande-bretagne-et-dirlande-du-nord","14":"tag-uk","15":"tag-united-kingdom","16":"tag-united-kingdom-of-great-britain-and-northern-ireland"},"share_on_mastodon":{"url":"https:\/\/pubeurope.com\/@fr\/115542774536322858","error":""},"_links":{"self":[{"href":"https:\/\/www.europesays.com\/fr\/wp-json\/wp\/v2\/posts\/531469","targetHints":{"allow":["GET"]}}],"collection":[{"href":"https:\/\/www.europesays.com\/fr\/wp-json\/wp\/v2\/posts"}],"about":[{"href":"https:\/\/www.europesays.com\/fr\/wp-json\/wp\/v2\/types\/post"}],"author":[{"embeddable":true,"href":"https:\/\/www.europesays.com\/fr\/wp-json\/wp\/v2\/users\/2"}],"replies":[{"embeddable":true,"href":"https:\/\/www.europesays.com\/fr\/wp-json\/wp\/v2\/comments?post=531469"}],"version-history":[{"count":0,"href":"https:\/\/www.europesays.com\/fr\/wp-json\/wp\/v2\/posts\/531469\/revisions"}],"wp:featuredmedia":[{"embeddable":true,"href":"https:\/\/www.europesays.com\/fr\/wp-json\/wp\/v2\/media\/531470"}],"wp:attachment":[{"href":"https:\/\/www.europesays.com\/fr\/wp-json\/wp\/v2\/media?parent=531469"}],"wp:term":[{"taxonomy":"category","embeddable":true,"href":"https:\/\/www.europesays.com\/fr\/wp-json\/wp\/v2\/categories?post=531469"},{"taxonomy":"post_tag","embeddable":true,"href":"https:\/\/www.europesays.com\/fr\/wp-json\/wp\/v2\/tags?post=531469"}],"curies":[{"name":"wp","href":"https:\/\/api.w.org\/{rel}","templated":true}]}}