{"id":531471,"date":"2025-11-13T14:06:17","date_gmt":"2025-11-13T14:06:17","guid":{"rendered":"https:\/\/www.europesays.com\/fr\/531471\/"},"modified":"2025-11-13T14:06:17","modified_gmt":"2025-11-13T14:06:17","slug":"allemagne-le-gouvernement-opte-pour-un-service-militaire-volontaire-et-pas-obligatoire","status":"publish","type":"post","link":"https:\/\/www.europesays.com\/fr\/531471\/","title":{"rendered":"Allemagne\u00a0: le gouvernement opte pour un service militaire volontaire, et pas obligatoire"},"content":{"rendered":"<p>Mais l\u2019id\u00e9e d\u2019une forme de service militaire obligatoire, port\u00e9e par les conservateurs, peut encore revenir sur la table, selon Jens Spahn, chef du groupe parlementaire CDU\/CSU.<\/p>\n<p>\u00ab\u00a0Si le service volontaire ne suffit finalement pas, alors le service obligatoire sera aussi n\u00e9cessaire\u00a0\u00bb, a jug\u00e9 l\u2019\u00e9lu. Mais un nouveau texte de loi devra alors \u00eatre adopt\u00e9.<\/p>\n<p>Le service obligatoire est \u00ab\u00a0un dernier recours\u00a0\u00bb, a ajout\u00e9 le ministre Boris Pistorius.<\/p>\n<p>Le chancelier conservateur a \u00e9rig\u00e9 en priorit\u00e9 nationale le renforcement de l\u2019arm\u00e9e allemande, mal \u00e9quip\u00e9e et en sous-effectif depuis des d\u00e9cennies.<\/p>\n","protected":false},"excerpt":{"rendered":"Mais l\u2019id\u00e9e d\u2019une forme de service militaire obligatoire, port\u00e9e par les conservateurs, peut encore revenir sur la table,&hellip;\n","protected":false},"author":2,"featured_media":531472,"comment_status":"","ping_status":"","sticky":false,"template":"","format":"standard","meta":{"footnotes":""},"categories":[1587],"tags":[11,672,1804,1805,1803,1777,674,1801,12,1802],"class_list":{"0":"post-531471","1":"post","2":"type-post","3":"status-publish","4":"format-standard","5":"has-post-thumbnail","7":"category-allemagne","8":"tag-actualites","9":"tag-allemagne","10":"tag-bundesrepublik-deutschland","11":"tag-de","12":"tag-deutschland","13":"tag-eu","14":"tag-europe","15":"tag-germany","16":"tag-news","17":"tag-republique-federale-dallemagne"},"share_on_mastodon":{"url":"https:\/\/pubeurope.com\/@fr\/115542778512795047","error":""},"_links":{"self":[{"href":"https:\/\/www.europesays.com\/fr\/wp-json\/wp\/v2\/posts\/531471","targetHints":{"allow":["GET"]}}],"collection":[{"href":"https:\/\/www.europesays.com\/fr\/wp-json\/wp\/v2\/posts"}],"about":[{"href":"https:\/\/www.europesays.com\/fr\/wp-json\/wp\/v2\/types\/post"}],"author":[{"embeddable":true,"href":"https:\/\/www.europesays.com\/fr\/wp-json\/wp\/v2\/users\/2"}],"replies":[{"embeddable":true,"href":"https:\/\/www.europesays.com\/fr\/wp-json\/wp\/v2\/comments?post=531471"}],"version-history":[{"count":0,"href":"https:\/\/www.europesays.com\/fr\/wp-json\/wp\/v2\/posts\/531471\/revisions"}],"wp:featuredmedia":[{"embeddable":true,"href":"https:\/\/www.europesays.com\/fr\/wp-json\/wp\/v2\/media\/531472"}],"wp:attachment":[{"href":"https:\/\/www.europesays.com\/fr\/wp-json\/wp\/v2\/media?parent=531471"}],"wp:term":[{"taxonomy":"category","embeddable":true,"href":"https:\/\/www.europesays.com\/fr\/wp-json\/wp\/v2\/categories?post=531471"},{"taxonomy":"post_tag","embeddable":true,"href":"https:\/\/www.europesays.com\/fr\/wp-json\/wp\/v2\/tags?post=531471"}],"curies":[{"name":"wp","href":"https:\/\/api.w.org\/{rel}","templated":true}]}}