{"id":531475,"date":"2025-11-13T14:08:12","date_gmt":"2025-11-13T14:08:12","guid":{"rendered":"https:\/\/www.europesays.com\/fr\/531475\/"},"modified":"2025-11-13T14:08:12","modified_gmt":"2025-11-13T14:08:12","slug":"jordan-de-luxe-a-eu-son-premier-crush-sur-une-femme-et-cest-une","status":"publish","type":"post","link":"https:\/\/www.europesays.com\/fr\/531475\/","title":{"rendered":"Jordan de Luxe a eu son premier crush sur une femme\u2026 et c\u2019est une &#8230;"},"content":{"rendered":"<p>EN BREF<\/p>\n<ul class=\"bloc_resume_post_list\">\n<li>Jordan de Luxe a confi\u00e9 avoir eu son premier crush sur<br \/>\nune femme, la chroniqueuse Shana Loustau.<\/li>\n<li>Cyril Hanouna a r\u00e9v\u00e9l\u00e9 cette histoire d\u2019amour naissante<br \/>\nen direct dans TBT9.<\/li>\n<li>L\u2019animateur, habituellement discret sur sa vie priv\u00e9e,<br \/>\nsemble vivre une nouvelle \u00e9tape personnelle.<\/li>\n<\/ul>\n<p data-start=\"360\" data-end=\"670\">Depuis la rentr\u00e9e 2025, Cyril<br \/>\nHanouna donne rendez-vous tous les jours, du lundi au vendredi, aux<br \/>\nt\u00e9l\u00e9spectateurs de W9 pour animer Tout beau tout 9 (TBT9). Pour cette nouvelle \u00e9mission, il s\u2019est constitu\u00e9<br \/>\nune nouvelle \u00e9quipe dans laquelle figurent d\u2019anciens chroniqueurs<br \/>\nde TPMP, comme Jordan de<br \/>\nLuxe.<\/p>\n<p data-start=\"672\" data-end=\"928\">Apr\u00e8s avoir ouvertement parl\u00e9 de<br \/>\nson homosexualit\u00e9, cette figure phare du talk-show a r\u00e9v\u00e9l\u00e9, le 12<br \/>\nnovembre, avoir eu son premier crush sur une femme. Et c\u2019est une<br \/>\npersonne bien connue des t\u00e9l\u00e9spectateurs, puisqu\u2019il s\u2019agit<br \/>\n<strong>d\u2019une chroniqueuse de TBT9<\/strong> !<\/p>\n<p><strong data-start=\"939\" data-end=\"1025\">TBT9 : Cyril Hanouna fait une r\u00e9v\u00e9lation sur la vie<br \/>\nsentimentale de Jordan de Luxe<\/strong><\/p>\n<p data-start=\"1027\" data-end=\"1572\">Parler de sa vie priv\u00e9e et<br \/>\nsurtout sentimentale n\u2019est jamais une chose simple. Pourtant, le 6<br \/>\nnovembre, <a href=\"https:\/\/www.telestar.fr\/actu_tv\/cest-pas-facile-jordan-de-luxe-envahi-par-lemotion-avant-de-rendre-lantenne-sur-c8-1702469\" rel=\"nofollow noopener\" target=\"_blank\"><br \/>\nJordan de Luxe avait livr\u00e9 une s\u00e9quence pleine d\u2019\u00e9motion<\/a> sur<br \/>\nTBT9, <strong>en parlant<br \/>\nde son homosexualit\u00e9<\/strong>, r\u00e9v\u00e9lant n\u2019en avoir jamais parl\u00e9 \u00e0<br \/>\nses parents : \u201cQuand j\u2019\u00e9tais<br \/>\npetit, j\u2019aimais les poup\u00e9es et les paillettes, mais je n\u2019avais pas<br \/>\nenvie que ma m\u00e8re me surprenne avec des Barbie. Ma m\u00e8re, je pense<br \/>\nqu\u2019elle n\u2019a jamais vraiment su. Mes amis m\u2019ont toujours dit : \u2018Mais<br \/>\nfranchement, Jordan, \u00e7a se voit !\u2019 Mais je ne lui en ai jamais<br \/>\nparl\u00e9.\u201d<\/p>\n<p data-start=\"1574\" data-end=\"2113\">Quelques jours plus tard,<br \/>\nJordan de Luxe a de nouveau \u00e9voqu\u00e9 sa vie amoureuse. Pendant<br \/>\nl\u2019\u00e9mission, Cyril Hanouna expliquait que <a href=\"https:\/\/www.telestar.fr\/actu_tv\/tbt9-une-chroniqueuse-rapatriee-en-catastrophe-pour-la-premiere-1736662\" rel=\"nofollow noopener\" target=\"_blank\"><br \/>\nPolska<\/a> et Jordan de Luxe avaient pour projet d\u2019avoir un enfant<br \/>\nensemble : \u201cJe vous jure que<br \/>\nc\u2019est vrai. Ce n\u2019est pas une vanne, c\u2019est un vrai projet, je le dis<br \/>\naux t\u00e9l\u00e9spectateurs.\u201d Polska explique alors que le projet est<br \/>\navort\u00e9 et Jordan de Luxe a pr\u00e9cis\u00e9 : \u201cElle m\u00a0\u00bba demand\u00e9 tout \u00e0 l&rsquo;heure qu&rsquo;on le fasse de<br \/>\nmani\u00e8re naturelle et vraiment, c&rsquo;est compliqu\u00e9. Encore une fois, il<br \/>\ny a une solution avec lui.\u201d C\u2019est alors qu\u2019\u00e0 la surprise<br \/>\ng\u00e9n\u00e9rale, Cyril Hanouna a r\u00e9v\u00e9l\u00e9 que son chroniqueur avait des<br \/>\nsentiments pour une autre chroniqueuse : \u201cJe vais vous dire la v\u00e9rit\u00e9, c&rsquo;est un truc de fou.<br \/>\n<strong>Il est tomb\u00e9 amoureux d&rsquo;une meuf de<br \/>\nl&rsquo;\u00e9mission.<\/strong>\u201d Encore plus surprenant, Jordan de Luxe a<br \/>\nconfirm\u00e9.<\/p>\n<p><strong data-start=\"2414\" data-end=\"2460\">Jordan de Luxe, en crush<br \/>\nsur Shana Loustau<\/strong><\/p>\n<p data-start=\"2462\" data-end=\"2884\">Mais qui est donc la premi\u00e8re<br \/>\nfemme qui a r\u00e9ussi \u00e0 faire battre son c\u0153ur ? Cyril Hanouna ne fait<br \/>\npas durer le suspense longtemps : \u201cIl est vraiment tomb\u00e9 amoureux d&rsquo;une meuf de l&rsquo;\u00e9mission,<br \/>\nJordan de Luxe, <a href=\"https:\/\/www.telestar.fr\/actu_tv\/cyril-hanouna-prepare-une-nouvelle-emission-et-on-sait-qui-sera-la-seule-chroniqueuse-presente-1742701\" rel=\"nofollow noopener\" target=\"_blank\"><br \/>\nc&rsquo;est Shana Loustau.<\/a> Il est tomb\u00e9 amoureux d&rsquo;elle. Il a eu un<br \/>\ncrush et il a fait sa d\u00e9claration \u00e0 la radio aujourd&rsquo;hui. C&rsquo;est la<br \/>\npremi\u00e8re fois qu&rsquo;il a un crush pour une femme. C&rsquo;est tomb\u00e9 sur<br \/>\nShana, la veinarde !\u201d<\/p>\n<p data-start=\"2886\" data-end=\"3037\">La nouvelle recrue de<br \/>\nl\u2019\u00e9mission a donc tap\u00e9 dans l\u2019\u0153il de Jordan de Luxe, qui avoue :<br \/>\n\u201c<strong>Je vous jure qu&rsquo;elle<br \/>\nme pla\u00eet, je ne vais pas vous mentir.<\/strong>\u201d<\/p>\n","protected":false},"excerpt":{"rendered":"EN BREF Jordan de Luxe a confi\u00e9 avoir eu son premier crush sur une femme, la chroniqueuse Shana&hellip;\n","protected":false},"author":2,"featured_media":531476,"comment_status":"","ping_status":"","sticky":false,"template":"","format":"standard","meta":{"footnotes":""},"categories":[1586],"tags":[11,548,1777,674,1779,1011,27,4829,12,25,47264,1778,364],"class_list":{"0":"post-531475","1":"post","2":"type-post","3":"status-publish","4":"format-standard","5":"has-post-thumbnail","7":"category-europe","8":"tag-actualites","9":"tag-article-simple","10":"tag-eu","11":"tag-europe","12":"tag-european-union","13":"tag-fr","14":"tag-france","15":"tag-jordan-de-luxe","16":"tag-news","17":"tag-republique-francaise","18":"tag-tbt9","19":"tag-ue","20":"tag-union-europeenne"},"share_on_mastodon":{"url":"https:\/\/pubeurope.com\/@fr\/115542786434995602","error":""},"_links":{"self":[{"href":"https:\/\/www.europesays.com\/fr\/wp-json\/wp\/v2\/posts\/531475","targetHints":{"allow":["GET"]}}],"collection":[{"href":"https:\/\/www.europesays.com\/fr\/wp-json\/wp\/v2\/posts"}],"about":[{"href":"https:\/\/www.europesays.com\/fr\/wp-json\/wp\/v2\/types\/post"}],"author":[{"embeddable":true,"href":"https:\/\/www.europesays.com\/fr\/wp-json\/wp\/v2\/users\/2"}],"replies":[{"embeddable":true,"href":"https:\/\/www.europesays.com\/fr\/wp-json\/wp\/v2\/comments?post=531475"}],"version-history":[{"count":0,"href":"https:\/\/www.europesays.com\/fr\/wp-json\/wp\/v2\/posts\/531475\/revisions"}],"wp:featuredmedia":[{"embeddable":true,"href":"https:\/\/www.europesays.com\/fr\/wp-json\/wp\/v2\/media\/531476"}],"wp:attachment":[{"href":"https:\/\/www.europesays.com\/fr\/wp-json\/wp\/v2\/media?parent=531475"}],"wp:term":[{"taxonomy":"category","embeddable":true,"href":"https:\/\/www.europesays.com\/fr\/wp-json\/wp\/v2\/categories?post=531475"},{"taxonomy":"post_tag","embeddable":true,"href":"https:\/\/www.europesays.com\/fr\/wp-json\/wp\/v2\/tags?post=531475"}],"curies":[{"name":"wp","href":"https:\/\/api.w.org\/{rel}","templated":true}]}}