{"id":531478,"date":"2025-11-13T14:10:18","date_gmt":"2025-11-13T14:10:18","guid":{"rendered":"https:\/\/www.europesays.com\/fr\/531478\/"},"modified":"2025-11-13T14:10:18","modified_gmt":"2025-11-13T14:10:18","slug":"budget-les-senateurs-impatients-de-nettoyer-lhysterie-fiscale-de-lassemblee-au-karcher","status":"publish","type":"post","link":"https:\/\/www.europesays.com\/fr\/531478\/","title":{"rendered":"Budget\u00a0:\u00a0les s\u00e9nateurs impatients de nettoyer \u00abl\u2019hyst\u00e9rie fiscale\u00bb de l\u2019Assembl\u00e9e au \u00abK\u00e4rcher\u00bb"},"content":{"rendered":"<p>\n    <strong>R\u00c9CIT<\/strong> &#8211; Les \u00e9lus de la chambre haute pressent S\u00e9bastien Lecornu de faire des \u00e9conomies mais refusent que la r\u00e9duction du d\u00e9ficit se fasse \u00absur le dos des Fran\u00e7ais, des entreprises et des collectivit\u00e9s\u00bb.<\/p>\n<p class=\"fig-paragraph\">Alors que les d\u00e9put\u00e9s ne sont pas parvenus \u00e0 aller au bout des\u00a0<a href=\"http:\/\/www.lefigaro.fr\/politique\/budget-de-la-secu-a-l-assemblee-les-debats-s-interrompent-sans-vote-malgre-la-suspension-de-la-reforme-des-retraites-20251113\" data-fig-type=\"NewsFlash\" data-gtm-custom-categorie=\"navigation\" data-gtm-custom-action=\"crossclick\" data-gtm-custom-label=\"Contextuel\" data-gtm-event=\"customEventSPE\" data-fig-domain=\"LEFIGARO\" target=\"_blank\" rel=\"noopener\">d\u00e9bats sur le budget de la S\u00e9curit\u00e9 Sociale<\/a>, le texte arrive d\u00e9sormais\u00a0<a href=\"https:\/\/www.lefigaro.fr\/politique\/le-scan\/decryptages\/2019\/03\/22\/25003-20190322ARTFIG00171--quoi-sert-le-senat-contre-pouvoir-revigore-par-l-affaire-benalla.php\" data-fig-type=\"Article\" data-gtm-custom-categorie=\"navigation\" data-gtm-custom-action=\"crossclick\" data-gtm-custom-label=\"Contextuel\" data-gtm-event=\"customEventSPE\" data-fig-domain=\"LEFIGARO\" target=\"_blank\" rel=\"noopener\">au S\u00e9nat<\/a>. Le projet de loi de finances suivra. Les copies budg\u00e9taires sorties de l\u2019Assembl\u00e9e sont attendues de pied ferme par les s\u00e9nateurs, impatients de rectifier le premier tir des d\u00e9put\u00e9s. Ils jugent que leurs coll\u00e8gues de l\u2019Assembl\u00e9e, embarqu\u00e9s dans les calculs d\u2019un premier ministre davantage guid\u00e9 par l\u2019\u00e9vitement de la censure que par l\u2019urgence de restaurer les comptes publics, ont \u00e9t\u00e9 victimes d\u2019une \u00ab taxite aigu\u00eb\u00a0\u00bb lourde de cons\u00e9quences.<\/p>\n<p class=\"fig-paragraph\">Si certains sont pr\u00eats \u00e0 accorder \u00e0\u00a0<a href=\"http:\/\/www.lefigaro.fr\/conjoncture\/une-immense-inquietude-13-organisations-patronales-ecrivent-a-sebastien-lecornu-20251111\" data-fig-type=\"NewsFlash\" data-gtm-custom-categorie=\"navigation\" data-gtm-custom-action=\"crossclick\" data-gtm-custom-label=\"Contextuel\" data-gtm-event=\"customEventSPE\" data-fig-domain=\"LEFIGARO\" target=\"_blank\" rel=\"noopener\">S\u00e9bastien Lecornu<\/a>\u00a0la couronne de \u00ab fin man\u0153uvrier\u00a0\u00bb qui parviendra peut-\u00eatre \u00e0 d\u00e9crocher un budget in fine, ils ajoutent, effar\u00e9s, une question\u00a0: \u00ab \u00c0 quel prix\u00a0? \u00bb. Agac\u00e9, un \u00e9lu de la majorit\u00e9 s\u00e9natoriale confie son intention de remettre les pendules \u00e0 l\u2019heure. \u00ab Nous allons nettoyer toutes les saloperies au K\u00e4rcher et remettre\u00a0<a href=\"http:\/\/www.lefigaro.fr\/politique\/a-l-assemblee-les-deputes-font-un-premier-pas-vers-la-suspension-de-la-reforme-des-retraites-20251112\" data-fig-type=\"Article\" data-gtm-custom-categorie=\"navigation\" data-gtm-custom-action=\"crossclick\" data-gtm-custom-label=\"Contextuel\" data-gtm-event=\"customEventSPE\" data-fig-domain=\"LEFIGARO\" target=\"_blank\" rel=\"noopener\">la r\u00e9forme des retraites<\/a> \u00a0car\u2026<\/p>\n<p class=\"fig-premium-paywall__infos\">\n        Cet article est r\u00e9serv\u00e9 aux abonn\u00e9s.        Il vous reste 89% \u00e0 d\u00e9couvrir.\n    <\/p>\n<p>                <img  data- alt=\"Le Figaro\" class=\"fig-img--complete fig-img\"\/><\/p>\n<p class=\"fig-premium-paywall__title\">Black Friday<\/p>\n<p class=\"fig-premium-paywall__subtitle\">-70% sur l&rsquo;abonnement num\u00e9rique<\/p>\n<p class=\"fig-premium-paywall__connect\">\n                D\u00e9j\u00e0 abonn\u00e9\u00a0?                <a class=\"fig-premium-paywall__connect-link\" href=\"https:\/\/connect.lefigaro.fr\/login?client=horizon_web&amp;type=main&amp;redirect_uri=https%3A%2F%2Fwww.lefigaro.fr%2Fpolitique%2Fbudget-les-senateurs-impatients-de-nettoyer-l-hysterie-fiscale-de-l-assemblee-au-kaercher-20251113\" data-js-gtm=\"{&quot;customCategorie&quot;: &quot;conversion&quot;, &quot;customAction&quot;: &quot;before_Landing_Connexion_paywall_auto&quot;, &quot;customLabel&quot;: &quot;bGVmaWdhcm8uZnJfXzFmMGJlZTU1LWYwNjQtNjE0MC1iMDdmLTJkZjUxY2RlZGYyNF9fQXJ0aWNsZQ==_Budget\u00a0:\u00a0les s\u00e9nateurs impatients de nettoyer \u00abl\u2019hyst\u00e9rie fiscale\u00bb de l\u2019Assembl\u00e9e au \u00abK\u00e4rcher\u00bb_411&quot;, &quot;customIDSPE&quot;: &quot;bGVmaWdhcm8uZnJfXzFmMGJlZTU1LWYwNjQtNjE0MC1iMDdmLTJkZjUxY2RlZGYyNF9fQXJ0aWNsZQ==&quot;, &quot;event&quot;: &quot;customEventSPE&quot;}\" target=\"_blank\" rel=\"noopener\"><br \/>\n                    Connectez-vous<br \/>\n                <\/a>\n            <\/p>\n","protected":false},"excerpt":{"rendered":"R\u00c9CIT &#8211; Les \u00e9lus de la chambre haute pressent S\u00e9bastien Lecornu de faire des \u00e9conomies mais refusent que&hellip;\n","protected":false},"author":2,"featured_media":531479,"comment_status":"","ping_status":"","sticky":false,"template":"","format":"standard","meta":{"footnotes":""},"categories":[2],"tags":[11,1003,1011,27,418,12,1050,25,1004],"class_list":{"0":"post-531478","1":"post","2":"type-post","3":"status-publish","4":"format-standard","5":"has-post-thumbnail","7":"category-actualites","8":"tag-actualites","9":"tag-budget","10":"tag-fr","11":"tag-france","12":"tag-gouvernement","13":"tag-news","14":"tag-parlement","15":"tag-republique-francaise","16":"tag-senat"},"share_on_mastodon":{"url":"https:\/\/pubeurope.com\/@fr\/115542794227502447","error":""},"_links":{"self":[{"href":"https:\/\/www.europesays.com\/fr\/wp-json\/wp\/v2\/posts\/531478","targetHints":{"allow":["GET"]}}],"collection":[{"href":"https:\/\/www.europesays.com\/fr\/wp-json\/wp\/v2\/posts"}],"about":[{"href":"https:\/\/www.europesays.com\/fr\/wp-json\/wp\/v2\/types\/post"}],"author":[{"embeddable":true,"href":"https:\/\/www.europesays.com\/fr\/wp-json\/wp\/v2\/users\/2"}],"replies":[{"embeddable":true,"href":"https:\/\/www.europesays.com\/fr\/wp-json\/wp\/v2\/comments?post=531478"}],"version-history":[{"count":0,"href":"https:\/\/www.europesays.com\/fr\/wp-json\/wp\/v2\/posts\/531478\/revisions"}],"wp:featuredmedia":[{"embeddable":true,"href":"https:\/\/www.europesays.com\/fr\/wp-json\/wp\/v2\/media\/531479"}],"wp:attachment":[{"href":"https:\/\/www.europesays.com\/fr\/wp-json\/wp\/v2\/media?parent=531478"}],"wp:term":[{"taxonomy":"category","embeddable":true,"href":"https:\/\/www.europesays.com\/fr\/wp-json\/wp\/v2\/categories?post=531478"},{"taxonomy":"post_tag","embeddable":true,"href":"https:\/\/www.europesays.com\/fr\/wp-json\/wp\/v2\/tags?post=531478"}],"curies":[{"name":"wp","href":"https:\/\/api.w.org\/{rel}","templated":true}]}}