{"id":531480,"date":"2025-11-13T14:11:18","date_gmt":"2025-11-13T14:11:18","guid":{"rendered":"https:\/\/www.europesays.com\/fr\/531480\/"},"modified":"2025-11-13T14:11:18","modified_gmt":"2025-11-13T14:11:18","slug":"en-direct-attentats-du-13-novembre-la-douleur-demeure-la-france-se-souvient-dit-emmanuel-macron","status":"publish","type":"post","link":"https:\/\/www.europesays.com\/fr\/531480\/","title":{"rendered":"En direct &#8211; Attentats du 13-Novembre\u00a0: \u201cLa douleur demeure\u201d, \u201cla France se souvient\u201d, dit Emmanuel Macron"},"content":{"rendered":"<p class=\"live__post__answer-text antonia-750r mt-8\">\n          \u00ab\u00a0Manuel Dias est le premier nom d\u2019une liste affreusement longue, d\u00e9clare Mathieu Hanotin, maire de Saint-Denis, en Seine-Saint-Denis. La premi\u00e8re vie fauch\u00e9e par l\u2019obscurantisme et la barbarie ce soir-l\u00e0.\u00a0\u00bb        <\/p>\n<p class=\"live__post__answer-text antonia-750r mt-8\">\n          \u00ab\u00a0Dix ans ont pass\u00e9 mais le 13-Novembre c\u2019\u00e9tait hier\u00a0\u00bb, affirme-t-il, en rappelant les \u00e9v\u00e9nements de cette soir\u00e9e\u00a0: \u00ab\u00a0Le lendemain, les abords ressemblaient \u00e0 une zone de guerre. Saint-Denis \u00e9tait plong\u00e9 dans le silence.\u00a0\u00bb A Saint-Denis, tout ne s\u2019est pas arr\u00eat\u00e9 le 13\u00a0novembre, souligne-t-il en rappelant l\u2019assaut du Raid, le 18\u00a0novembre, qui a marqu\u00e9 la ville.        <\/p>\n<p class=\"live__post__answer-text antonia-750r mt-8\">\n          \u00ab\u00a0Dix ans apr\u00e8s, nous pouvons le dire, les terroristes ont perdu\u00a0: la France pleure toujours ses morts mais elle tient bon. Elle incarne encore ce qui met en rage les fanatiques de la destruction. Dix ans plus tard, les concerts ont recommenc\u00e9 au Bataclan, les terrasses se remplissent [au d\u00e9but de l\u2019hiver]\u00bb, lance l\u2019\u00e9lu. En\u00a02024, la France, Saint-Denis et le Stade de France ont accueilli les Jeux olympiques et paralympiques.        <\/p>\n","protected":false},"excerpt":{"rendered":"\u00ab\u00a0Manuel Dias est le premier nom d\u2019une liste affreusement longue, d\u00e9clare Mathieu Hanotin, maire de Saint-Denis, en Seine-Saint-Denis.&hellip;\n","protected":false},"author":2,"featured_media":531481,"comment_status":"","ping_status":"","sticky":false,"template":"","format":"standard","meta":{"footnotes":""},"categories":[4],"tags":[18876,17,11,23846,48427,814,5899,1011,27,12,24649,25,104,1254],"class_list":{"0":"post-531480","1":"post","2":"type-post","3":"status-publish","4":"format-standard","5":"has-post-thumbnail","7":"category-france","8":"tag-18876","9":"tag-17","10":"tag-actualites","11":"tag-attentats","12":"tag-demeure","13":"tag-direct","14":"tag-douleur","15":"tag-fr","16":"tag-france","17":"tag-news","18":"tag-novembre","19":"tag-republique-francaise","20":"tag-societe","21":"tag-terrorisme"},"share_on_mastodon":{"url":"https:\/\/pubeurope.com\/@fr\/115542798652873322","error":""},"_links":{"self":[{"href":"https:\/\/www.europesays.com\/fr\/wp-json\/wp\/v2\/posts\/531480","targetHints":{"allow":["GET"]}}],"collection":[{"href":"https:\/\/www.europesays.com\/fr\/wp-json\/wp\/v2\/posts"}],"about":[{"href":"https:\/\/www.europesays.com\/fr\/wp-json\/wp\/v2\/types\/post"}],"author":[{"embeddable":true,"href":"https:\/\/www.europesays.com\/fr\/wp-json\/wp\/v2\/users\/2"}],"replies":[{"embeddable":true,"href":"https:\/\/www.europesays.com\/fr\/wp-json\/wp\/v2\/comments?post=531480"}],"version-history":[{"count":0,"href":"https:\/\/www.europesays.com\/fr\/wp-json\/wp\/v2\/posts\/531480\/revisions"}],"wp:featuredmedia":[{"embeddable":true,"href":"https:\/\/www.europesays.com\/fr\/wp-json\/wp\/v2\/media\/531481"}],"wp:attachment":[{"href":"https:\/\/www.europesays.com\/fr\/wp-json\/wp\/v2\/media?parent=531480"}],"wp:term":[{"taxonomy":"category","embeddable":true,"href":"https:\/\/www.europesays.com\/fr\/wp-json\/wp\/v2\/categories?post=531480"},{"taxonomy":"post_tag","embeddable":true,"href":"https:\/\/www.europesays.com\/fr\/wp-json\/wp\/v2\/tags?post=531480"}],"curies":[{"name":"wp","href":"https:\/\/api.w.org\/{rel}","templated":true}]}}