{"id":531482,"date":"2025-11-13T14:12:25","date_gmt":"2025-11-13T14:12:25","guid":{"rendered":"https:\/\/www.europesays.com\/fr\/531482\/"},"modified":"2025-11-13T14:12:25","modified_gmt":"2025-11-13T14:12:25","slug":"martin-couvra-jai-mal-joue-mais-les-birdies-sont-faisables-sur-ce-parcours","status":"publish","type":"post","link":"https:\/\/www.europesays.com\/fr\/531482\/","title":{"rendered":"Martin Couvra : \u00ab\u00a0J&rsquo;ai mal jou\u00e9, mais les birdies sont faisables sur ce parcours\u00a0\u00bb"},"content":{"rendered":"<p>\t\t\t\t\t\t<img width=\"770\" height=\"566\" src=\"https:\/\/www.europesays.com\/fr\/wp-content\/uploads\/2025\/11\/afp__20251113__2246472302__v2__highres__dpworldtourchampionship2025dayone-770x566.jpg\" class=\"img-responsive wp-post-image\" alt=\"\" decoding=\"async\" fetchpriority=\"high\"  \/>\t\t\t\t\t<\/p>\n<p>\t\t\t\t\t\t Partager cet article <\/p>\n<p class=\"screen-reader-text juiz_sps_maybe_hidden_text\">Partager la publication \u00ab\u00a0Martin Couvra : \u00ab\u00a0J\u2019ai mal jou\u00e9, mais les birdies sont faisables sur ce parcours\u00a0\u00bb\u00a0\u00bb<\/p>\n<p><strong>Auteur d\u2019un premier tour difficile (73, +1), Martin Couvra n\u2019a pas bien d\u00e9but\u00e9 sa qu\u00eate d\u2019une carte sur le PGA Tour cette semaine \u00e0 Duba\u00ef. Mais pour sa toute premi\u00e8re participation dans ce DP World Tour Championship, le Fran\u00e7ais de 22 ans a appr\u00e9ci\u00e9 l\u2019exp\u00e9rience, comme il l\u2019a expliqu\u00e9 au micro de Canal+.<\/strong><\/p>\n<p>Tout avait bien commenc\u00e9 pour <strong>Martin Couvra<\/strong>. Drive plein fairway, coup de fer un soup\u00e7on chanceux avec un rebond favorable et un putt donn\u00e9 pour un birdie au 1. C\u2019\u00e9tait son tout premier trou dans le <strong>DP World Tour Championship <\/strong>et le Varois l\u2019a parfaitement n\u00e9goci\u00e9.<\/p>\n<p><a href=\"https:\/\/www.europeantour.com\/dpworld-tour\/dp-world-tour-championship-2025\/leaderboard?round=1\" target=\"_blank\" rel=\"noopener nofollow\">Le leaderboard<\/a><br \/>&#13;<br \/>\n<br \/>&#13;<br \/>\nMais la suite a \u00e9t\u00e9 plus compliqu\u00e9e pour le jeune homme de 22 ans <a href=\"https:\/\/www.golfplanete.com\/actualites\/martin-couvra-lexigence-et-le-talent-en-porte-etendard\/\" target=\"_blank\" rel=\"noopener nofollow\">plein de talent<\/a> qui <a href=\"https:\/\/www.golfplanete.com\/actualites\/que-doivent-faire-couvra-pour-aller-sur-le-pga-tour-et-penge-pour-depasser-mcilroy-a-dubai\/\" target=\"_blank\" rel=\"noopener nofollow\">vise une place sur le <strong>PGA Tour<\/strong> en 2026<\/a>. Une mauvaise approche au 2 lui a valu un bogey sur un par 5 pourtant facile pour les meilleurs joueurs du circuit europ\u00e9en. Deux autres bogeys sont venus entacher son aller.\u00a0<\/p>\n<p>Des birdies au 14 et au 16 lui ont permis de revenir dans le par, mais il a tr\u00e9buch\u00e9 au 17 avec un coup de fer approximatif. Au micro de nos confr\u00e8res de Canal+, le Fran\u00e7ais n\u2019a pas cherch\u00e9 d\u2019excuse : \u00ab J\u2019ai mal jou\u00e9 aujourd\u2019hui, j\u2019ai tr\u00e8s mal driv\u00e9. Quand on loupe les fairways, se mettre pr\u00e8s des drapeaux ici devient compliqu\u00e9. \u00bb<\/p>\n<p>\t\t\t\t\t<a id=\"191229\" href=\"https:\/\/www.spain.info\/fr\/top\/jouez-au-golf-en-espagne\/\" target=\"_blank\" rel=\"sponsorised nofollow noopener\"><img decoding=\"async\" src=\"data:image\/svg+xml,%3Csvg%20xmlns=\" http:=\"\" class=\"img-responsive\" alt=\"\" data-lazy-src=\"https:\/\/www.europesays.com\/fr\/wp-content\/uploads\/2025\/11\/ot-espagne-2025-e01-golf-in-spain-1170x275-1.jpg\"\/><\/a><br \/>\nUn birdie pour commencer<\/p>\n<p>Mais <a href=\"https:\/\/www.golfplanete.com\/actualites\/martin-couvra-lexigence-et-le-talent-en-porte-etendard\/\" rel=\"nofollow noopener\" target=\"_blank\">l\u2019\u00e9l\u00e8ve de Mathieu Santerre<\/a>, qui a d\u00fb se contenter d\u2019une carte de 73, n\u2019abdique pas. Il a appr\u00e9ci\u00e9 cette premi\u00e8re exp\u00e9rience sur le parcours Earth du <strong>Jumeirah Golf Estates<\/strong>. \u00ab C\u2019est un trac\u00e9 franc ici. Les birdies sont faisables si on joue bien. En tout cas, je suis tr\u00e8s heureux d\u2019\u00eatre ici, de jouer cette grande finale pour la premi\u00e8re fois. \u00bb<\/p>\n<p>Pour le moment 11e du classement qui offre dix places sur le <strong>PGA Tour<\/strong> l\u2019an prochain, Martin Couvra recule si l\u2019on se fie <a href=\"https:\/\/www.europeantour.com\/dpworld-tour\/rankings\/overview\/projected-rankings\/\" target=\"_blank\" rel=\"noopener nofollow\">aux projections<\/a> de la fin de ce premier tour.<\/p>\n<p>Mais l\u2019espoir demeure. Largement. <\/p>\n<p>D\u2019abord parce que celui qui est 10e et premier qualifi\u00e9 pour le circuit am\u00e9ricain, <strong>Jordan Smith<\/strong>, a rendu la plus mauvaise carte du lot avec un +3 (75).<\/p>\n<p>Ensuite parce que ceux qui le d\u00e9passent selon ces estimations comme le N\u00e9o-Z\u00e9landais <strong>Daniel Hillier<\/strong> ou l\u2019Anglais <strong>Andy Sullivan<\/strong>, qui sont pour le moment dans le top 10 provisoire du tournoi, vont devoir tenir le rythme.<\/p>\n<p>Ensuite et surtout parce que Martin Couvra a encore trois tours \u00e0 jouer devant lui. Sur un parcours qu\u2019il d\u00e9couvre mais qui donc lui convient. <\/p>\n<p>Une bonne s\u00e9ance de practice pour retrouver son driving et l\u2019Am\u00e9rique pourrait \u00eatre en point de mire \u00e0 la fin de la semaine\u2026<\/p>\n<p>\t\t\t\t<img loading=\"lazy\" decoding=\"async\" src=\"data:image\/svg+xml,%3Csvg%20xmlns=\" http:=\"\" attributionsrc=\"\" border=\"0\" height=\"1\" width=\"1\" alt=\"Advertisement\" data-lazy-src=\"https:\/\/www.europesays.com\/fr\/wp-content\/uploads\/2025\/10\/B33047934.424844132;dc_trk_aid=615928068;dc_trk_cid=236605808;ord=[timestamp];dc_lat=;dc_rdid=;tag_f.gif\"\/><\/p>\n<p>\t\t\t\t\t<a id=\"179415\" href=\"https:\/\/ad.doubleclick.net\/ddm\/trackclk\/N1153799.3770024GOLFPLANATE\/B33047934.424844132;dc_trk_aid=615928068;dc_trk_cid=236605808;dc_lat=;dc_rdid=;tag_for_child_directed_treatment=;tfua=;gdpr=${GDPR};gdpr_consent=${GDPR_CONSENT_755};ltd=;dc_tdv=1\" target=\"_blank\" rel=\"sponsorised nofollow noopener\"><img decoding=\"async\" src=\"data:image\/svg+xml,%3Csvg%20xmlns=\" http:=\"\" class=\"img-responsive\" alt=\"\" data-lazy-src=\"https:\/\/www.europesays.com\/fr\/wp-content\/uploads\/2025\/07\/callaway-e01-apex-v1-770x385-1.jpg\"\/><\/a><\/p>\n<p>Photo : Richard HEATHCOTE \/ GETTY IMAGES EUROPE \/ Getty Images via AFP<\/p>\n","protected":false},"excerpt":{"rendered":"Partager cet article Partager la publication \u00ab\u00a0Martin Couvra : \u00ab\u00a0J\u2019ai mal jou\u00e9, mais les birdies sont faisables sur&hellip;\n","protected":false},"author":2,"featured_media":531483,"comment_status":"","ping_status":"","sticky":false,"template":"","format":"standard","meta":{"footnotes":""},"categories":[1418],"tags":[1011,27,1472,60],"class_list":{"0":"post-531482","1":"post","2":"type-post","3":"status-publish","4":"format-standard","5":"has-post-thumbnail","7":"category-golf","8":"tag-fr","9":"tag-france","10":"tag-golf","11":"tag-sports"},"share_on_mastodon":{"url":"https:\/\/pubeurope.com\/@fr\/115542804286100587","error":""},"_links":{"self":[{"href":"https:\/\/www.europesays.com\/fr\/wp-json\/wp\/v2\/posts\/531482","targetHints":{"allow":["GET"]}}],"collection":[{"href":"https:\/\/www.europesays.com\/fr\/wp-json\/wp\/v2\/posts"}],"about":[{"href":"https:\/\/www.europesays.com\/fr\/wp-json\/wp\/v2\/types\/post"}],"author":[{"embeddable":true,"href":"https:\/\/www.europesays.com\/fr\/wp-json\/wp\/v2\/users\/2"}],"replies":[{"embeddable":true,"href":"https:\/\/www.europesays.com\/fr\/wp-json\/wp\/v2\/comments?post=531482"}],"version-history":[{"count":0,"href":"https:\/\/www.europesays.com\/fr\/wp-json\/wp\/v2\/posts\/531482\/revisions"}],"wp:featuredmedia":[{"embeddable":true,"href":"https:\/\/www.europesays.com\/fr\/wp-json\/wp\/v2\/media\/531483"}],"wp:attachment":[{"href":"https:\/\/www.europesays.com\/fr\/wp-json\/wp\/v2\/media?parent=531482"}],"wp:term":[{"taxonomy":"category","embeddable":true,"href":"https:\/\/www.europesays.com\/fr\/wp-json\/wp\/v2\/categories?post=531482"},{"taxonomy":"post_tag","embeddable":true,"href":"https:\/\/www.europesays.com\/fr\/wp-json\/wp\/v2\/tags?post=531482"}],"curies":[{"name":"wp","href":"https:\/\/api.w.org\/{rel}","templated":true}]}}