{"id":531484,"date":"2025-11-13T14:14:30","date_gmt":"2025-11-13T14:14:30","guid":{"rendered":"https:\/\/www.europesays.com\/fr\/531484\/"},"modified":"2025-11-13T14:14:30","modified_gmt":"2025-11-13T14:14:30","slug":"antoine-dupont-lenorme-annonce-sur-son-retour","status":"publish","type":"post","link":"https:\/\/www.europesays.com\/fr\/531484\/","title":{"rendered":"Antoine Dupont, l\u2019\u00e9norme annonce sur son retour !"},"content":{"rendered":"<p><strong>Alors que les Bleus ont touch\u00e9<br \/>\nleurs limites contre l\u2019Afrique du Sud, le prochain retour d\u2019Antoine<br \/>\nDupont pourrait changer la donne d\u2019ici la prochaine Coupe du<br \/>\nmonde.<\/strong><\/p>\n<p>Le XV de France a pris une claque, samedi, sur la pelouse du<br \/>\nStade de France. Alors que les Bleus esp\u00e9raient prendre leur<br \/>\nrevanche, deux ans apr\u00e8s la terrible d\u00e9faite conc\u00e9d\u00e9e en quarts de<br \/>\nfinale de la derni\u00e8re Coupe du monde, ils en ont \u00e9t\u00e9 quittes pour<br \/>\ndevoir tendre l\u2019autre joue. Si les troupes de Fabien Galthi\u00e9 ont<br \/>\ntenu le choc jusqu\u2019\u00e0 l\u2019heure de jeu, ils ont sombr\u00e9 en fin de match<br \/>\npour finalement s\u2019incliner 32-17.<\/p>\n<p>Si les Bleus ont pourtant \u00e9volu\u00e9 en sup\u00e9riorit\u00e9 num\u00e9rique<br \/>\nl\u2019essentiel de la seconde p\u00e9riode, ils ont \u00e9galement d\u00fb composer<br \/>\navec plusieurs absences au premier rang desquelles celle d\u2019Antoine<br \/>\nDupont. Mais \u00e0 en croire Vincent Moscato, le retour du capitaine<br \/>\ntricolore, attendu dans les prochaines semaines, pourrait tout<br \/>\nchanger.<\/p>\n<blockquote class=\"twitter-tweet\"><p><a class=\"twitter-link\" rel=\"noindex, nofollow noopener\" href=\"https:\/\/twitter.com\/sports_fr\/status\/1988859899753685452?s=20\" target=\"_blank\"><\/p><\/blockquote>\n<p>\u00ab\u00a0Est-ce que tout change avec Antoine Dupont ? Je vais<br \/>\nfaire une r\u00e9ponse de Normand, on ne sait pas. S\u2019il revient \u00e0 son<br \/>\nniveau et qu\u2019il a une sur envie de jouer, oui \u00e7a va nous changer la<br \/>\nvie. S\u2019il revient \u00e0 son niveau, c\u2019est le meilleur du<br \/>\nmonde\u00a0\u00bb, a-t-il ainsi confi\u00e9 au micro de son \u00e9mission, le<br \/>\nMoscato Show sur RMC.<\/p>\n<p>\u00ab\u00a0Il va nous apporter \u00e9norm\u00e9ment\u00a0\u00bb<\/p>\n<p>\u00ab\u00a0Apr\u00e8s, je ne suis pas m\u00e9decin, je ne peux pas te dire<br \/>\nqu\u2019il va revenir \u00e0 son meilleur niveau. S\u2019il revient \u00e0 son meilleur<br \/>\nniveau, et il y a des chances qu\u2019il revienne \u00e0 son meilleur, l\u00e0 il<br \/>\nva nous apporter \u00e9norm\u00e9ment\u00a0\u00bb, a-t-il poursuivi,<br \/>\najoutant\u00a0: \u00ab\u00a0Parce que Ntamack ne sera pas le m\u00eame,<br \/>\nla troisi\u00e8me ligne ne sera pas la m\u00eame, la d\u00e9fense ne sera pas la<br \/>\nm\u00eame. Il va te changer la physionomie du match, mais il faut qu\u2019il<br \/>\nrevienne \u00e0 son meilleur niveau.\u00a0\u00bb<\/p>\n<p>Sur le flanc depuis cet hiver et sa blessure au genou face \u00e0<br \/>\nl\u2019Irlande lord du Tournoi des Six Nations, Antoine Dupont, pr\u00e9sent<br \/>\n\u00e0 Marcoussis avec les joueurs du XV de France, doit faire son<br \/>\nretour \u00e0 la comp\u00e9tition avec le Stade Toulousain \u00e0 l\u2019issue de la<br \/>\ntr\u00eave internationale et devrait donc \u00eatre disponible pour le<br \/>\nprochain Tournoi des Six Nations.<\/p>\n<p><script async src=\"https:\/\/platform.twitter.com\/widgets.js\" charset=\"utf-8\"><\/script><\/p>\n","protected":false},"excerpt":{"rendered":"Alors que les Bleus ont touch\u00e9 leurs limites contre l\u2019Afrique du Sud, le prochain retour d\u2019Antoine Dupont pourrait&hellip;\n","protected":false},"author":2,"featured_media":531485,"comment_status":"","ping_status":"","sticky":false,"template":"","format":"standard","meta":{"footnotes":""},"categories":[1416],"tags":[1011,27,479,1468,60],"class_list":{"0":"post-531484","1":"post","2":"type-post","3":"status-publish","4":"format-standard","5":"has-post-thumbnail","7":"category-rugby","8":"tag-fr","9":"tag-france","10":"tag-rugby","11":"tag-rugby-football","12":"tag-sports"},"share_on_mastodon":{"url":"https:\/\/pubeurope.com\/@fr\/115542809878605913","error":""},"_links":{"self":[{"href":"https:\/\/www.europesays.com\/fr\/wp-json\/wp\/v2\/posts\/531484","targetHints":{"allow":["GET"]}}],"collection":[{"href":"https:\/\/www.europesays.com\/fr\/wp-json\/wp\/v2\/posts"}],"about":[{"href":"https:\/\/www.europesays.com\/fr\/wp-json\/wp\/v2\/types\/post"}],"author":[{"embeddable":true,"href":"https:\/\/www.europesays.com\/fr\/wp-json\/wp\/v2\/users\/2"}],"replies":[{"embeddable":true,"href":"https:\/\/www.europesays.com\/fr\/wp-json\/wp\/v2\/comments?post=531484"}],"version-history":[{"count":0,"href":"https:\/\/www.europesays.com\/fr\/wp-json\/wp\/v2\/posts\/531484\/revisions"}],"wp:featuredmedia":[{"embeddable":true,"href":"https:\/\/www.europesays.com\/fr\/wp-json\/wp\/v2\/media\/531485"}],"wp:attachment":[{"href":"https:\/\/www.europesays.com\/fr\/wp-json\/wp\/v2\/media?parent=531484"}],"wp:term":[{"taxonomy":"category","embeddable":true,"href":"https:\/\/www.europesays.com\/fr\/wp-json\/wp\/v2\/categories?post=531484"},{"taxonomy":"post_tag","embeddable":true,"href":"https:\/\/www.europesays.com\/fr\/wp-json\/wp\/v2\/tags?post=531484"}],"curies":[{"name":"wp","href":"https:\/\/api.w.org\/{rel}","templated":true}]}}