{"id":531488,"date":"2025-11-13T14:21:13","date_gmt":"2025-11-13T14:21:13","guid":{"rendered":"https:\/\/www.europesays.com\/fr\/531488\/"},"modified":"2025-11-13T14:21:13","modified_gmt":"2025-11-13T14:21:13","slug":"cyclisme-route-mads-pedersen-les-criteriums-de-fin-de-saison-sont-horribles-a-regarder","status":"publish","type":"post","link":"https:\/\/www.europesays.com\/fr\/531488\/","title":{"rendered":"Cyclisme. Route &#8211; Mads Pedersen : \u00abLes Crit\u00e9riums de fin de saison sont horribles \u00e0 regarder\u00bb"},"content":{"rendered":"<p><strong><a href=\"https:\/\/www.cyclismactu.net\/..\/news-tour-d-espagne-route-mads-pedersen-ca-rend-gout-de-victoire-encore-meilleur-90024.html\" target=\"_blank\" rel=\"noopener\">Mads Pedersen<\/a><\/strong> s&rsquo;est l\u00e2ch\u00e9 sur son podcast <a href=\"https:\/\/open.spotify.com\/show\/6ZDNHkX4HQmsykPWKAHeSV?si=5af63d7d263e48bd&amp;nd=1&amp;dlsi=cfed4da5360841d6\" target=\"_blank\" rel=\"noopener\">Lang Distance<\/a> au c\u00f4t\u00e9 de son ancien \u00e9quipier <strong>Jakob Egholm<\/strong>. La cible, les Crit\u00e9riums d&rsquo;apr\u00e8s <strong>Tour <\/strong>ou de fin de saison, qu&rsquo;il juge sans int\u00e9r\u00eat, pour les spectateurs car le sc\u00e9nario est nul et pour les athl\u00e8tes, des marionnettes commerciales, qui peuvent mettre en p\u00e9ril leur int\u00e9grit\u00e9 physique \u00e0 l&rsquo;instar de <strong><a href=\"https:\/\/www.cyclismactu.net\/..\/news-route-vingegaard-gagner-trois-grands-tours-ou-tour-de-france-en-2026-90919.html\" target=\"_blank\" rel=\"noopener\">Jonas Vingegaard<\/a><\/strong>, qui a chut\u00e9 sur le<strong>\u00a0<a href=\"https:\/\/www.cyclismactu.net\/..\/news-saitama-criterium-route-jonas-vingegaard-ce-n-est-jamais-sympa-de-tomber-90908.html\" target=\"_blank\" rel=\"noopener\">C<\/a><a href=\"https:\/\/www.cyclismactu.net\/..\/news-saitama-criterium-route-jonas-vingegaard-ce-n-est-jamais-sympa-de-tomber-90908.html\" target=\"_blank\" rel=\"noopener\">rit\u00e9rium de Saitama<\/a><\/strong>. Les seuls b\u00e9n\u00e9ficiares \u00e9tant les marques et les sponsors.<\/p>\n<p>Vid\u00e9o &#8211; Le succ\u00e8s de Mads Pedersen sur la 13e \u00e9tape du Giro 2025 Lire la suite de l&rsquo;article&#13;<\/p>\n<p>\u00a0<\/p>\n<p>&#13;<br \/>\n\u00ab\u00a0J&rsquo;ai refus\u00e9 d&rsquo;y participer\u00a0\u00bb&#13;<\/p>\n<p>Le Danois admet avoir \u00e9t\u00e9 sollicit\u00e9 mais a d\u00e9clin\u00e9 toutes les propositions. Il n&rsquo;appr\u00e9cie pas le format de ces courses ni les \u00e0 c\u00f4t\u00e9s : \u00ab\u00a0Les courses sont horribles \u00e0 regarder, les sc\u00e9narios inexistants, pas de concurrence, elles ont juste un aspect commercial.\u00a0\u00bb Les mots sont forts mais nous connaissons le temp\u00e9rament de <strong>Pedersen<\/strong>. Les coureurs ne seraient que des marionnettes, utiles \u00e0 faire de la promotion, peu importe le moyen et de fa\u00e7on cocasse si possible : \u00ab\u00a0Aucun ne fait semblant pour rendre la course int\u00e9ressante, nous sommes l\u00e0 \u00e0 porter des casques et des chapeaux&#8230;\u00a0\u00bb<\/p>\n<p>&#13;<\/p>\n<p>Ces courses peuvent donn\u00e9 lieu \u00e0 des d\u00e9convenues, demandez \u00e0 <strong>Vingegaard<\/strong>, victorieux malgr\u00e9 sa chute sur le <strong>Crit\u00e9rium de Saitama<\/strong> au Japon, organis\u00e9 par <strong>ASO<\/strong> : \u00ab\u00a0Je suis tomb\u00e9 sans cons\u00e9quence, je suis arriv\u00e9 un peu vite dans un virage et j&rsquo;ai gliss\u00e9 mais j&rsquo;ai gagn\u00e9 et je suis content de l&rsquo;exp\u00e9rience.\u00a0\u00bb<\/p>\n","protected":false},"excerpt":{"rendered":"Mads Pedersen s&rsquo;est l\u00e2ch\u00e9 sur son podcast Lang Distance au c\u00f4t\u00e9 de son ancien \u00e9quipier Jakob Egholm. La&hellip;\n","protected":false},"author":2,"featured_media":531489,"comment_status":"","ping_status":"","sticky":false,"template":"","format":"standard","meta":{"footnotes":""},"categories":[1411],"tags":[1154,207,211,1011,27,209,60,210,212,208,213],"class_list":{"0":"post-531488","1":"post","2":"type-post","3":"status-publish","4":"format-standard","5":"has-post-thumbnail","7":"category-cyclisme","8":"tag-cycling","9":"tag-cyclisme","10":"tag-ffc","11":"tag-fr","12":"tag-france","13":"tag-route","14":"tag-sports","15":"tag-tour-de-france","16":"tag-uci","17":"tag-velo","18":"tag-world-tour"},"share_on_mastodon":{"url":"https:\/\/pubeurope.com\/@fr\/115542837541493775","error":""},"_links":{"self":[{"href":"https:\/\/www.europesays.com\/fr\/wp-json\/wp\/v2\/posts\/531488","targetHints":{"allow":["GET"]}}],"collection":[{"href":"https:\/\/www.europesays.com\/fr\/wp-json\/wp\/v2\/posts"}],"about":[{"href":"https:\/\/www.europesays.com\/fr\/wp-json\/wp\/v2\/types\/post"}],"author":[{"embeddable":true,"href":"https:\/\/www.europesays.com\/fr\/wp-json\/wp\/v2\/users\/2"}],"replies":[{"embeddable":true,"href":"https:\/\/www.europesays.com\/fr\/wp-json\/wp\/v2\/comments?post=531488"}],"version-history":[{"count":0,"href":"https:\/\/www.europesays.com\/fr\/wp-json\/wp\/v2\/posts\/531488\/revisions"}],"wp:featuredmedia":[{"embeddable":true,"href":"https:\/\/www.europesays.com\/fr\/wp-json\/wp\/v2\/media\/531489"}],"wp:attachment":[{"href":"https:\/\/www.europesays.com\/fr\/wp-json\/wp\/v2\/media?parent=531488"}],"wp:term":[{"taxonomy":"category","embeddable":true,"href":"https:\/\/www.europesays.com\/fr\/wp-json\/wp\/v2\/categories?post=531488"},{"taxonomy":"post_tag","embeddable":true,"href":"https:\/\/www.europesays.com\/fr\/wp-json\/wp\/v2\/tags?post=531488"}],"curies":[{"name":"wp","href":"https:\/\/api.w.org\/{rel}","templated":true}]}}