{"id":531492,"date":"2025-11-13T14:23:14","date_gmt":"2025-11-13T14:23:14","guid":{"rendered":"https:\/\/www.europesays.com\/fr\/531492\/"},"modified":"2025-11-13T14:23:14","modified_gmt":"2025-11-13T14:23:14","slug":"miss-france-2026-jean-pierre-foucault-musele-ces-mots-quil-naura-plus-le-droit-de-dire-en-plein-concours","status":"publish","type":"post","link":"https:\/\/www.europesays.com\/fr\/531492\/","title":{"rendered":"Miss France 2026 : Jean-Pierre Foucault musel\u00e9, ces mots qu\u2019il n\u2019aura plus le droit de dire en plein concours"},"content":{"rendered":"<p data-start=\"79\" data-end=\"708\">La nouvelle \u00e9dition du concours<br \/>\nde <a href=\"https:\/\/www.closermag.fr\/tv_tele_realite\/miss-france-2026-ces-questions-au-test-de-culture-generale-ont-donne-du-fil-a-retordre-aux-candidates-leurs-reponses-sont-hilarantes-miss-france-2026-ces-questions-au-test-de-culture-generale-o-3592980https:\/\/www.closermag.fr\/tv_tele_realite\/miss-france-2026-ces-questions-au-test-de-culture-generale-ont-donne-du-fil-a-retordre-aux-candidates-leurs-reponses-sont-hilarantes-miss-france-2026-ces-questions-au-test-de-culture-generale-o-3592980\" target=\"_blank\" rel=\"noopener\"><br \/>\nMiss France<\/a> se d\u00e9roulera le 6 d\u00e9cembre prochain, en direct<br \/>\ndepuis le Z\u00e9nith d\u2019Amiens, avec Jean-Pierre Foucault \u00e0 la<br \/>\npr\u00e9sentation, fid\u00e8le au poste depuis plus de trois d\u00e9cennies.<\/p>\n<p data-start=\"79\" data-end=\"708\">Si la composition du jury reste<br \/>\nencore secr\u00e8te, rappelons que l\u2019an dernier, il comprenait notamment<br \/>\nMarie-Jos\u00e9 P\u00e9rec et Nawell Madani, on sait d\u00e9j\u00e0 que <strong>Camille<br \/>\nCerf<\/strong>, Miss France 2015, accompagnera la future reine de<br \/>\nbeaut\u00e9 tout au long de l\u2019ann\u00e9e en tant que marraine et conseill\u00e8re.<br \/>\nCette ann\u00e9e, le concours se pr\u00e9pare \u00e9galement \u00e0 accueillir quelques<br \/>\nnouvelles r\u00e8gles.<\/p>\n<p>Jean-Pierre Foucault devra revoir<br \/>\nsa fa\u00e7on d\u2019animer<\/p>\n<p data-start=\"59\" data-end=\"718\"><a href=\"https:\/\/www.closermag.fr\/people\/cette-page-se-tourne-cyril-hanouna-annonce-sa-separation-3592111\" target=\"_blank\" rel=\"noopener\"><br \/>\nCyril Hanouna<\/a> a r\u00e9v\u00e9l\u00e9 ce mercredi 12 novembre 2025 sur le<br \/>\nplateau de Tout beau, tout<br \/>\nneuf que m\u00eame Jean-Pierre Foucault, figure embl\u00e9matique du<br \/>\nconcours, allait devoir \u00ab\u00a0animer autrement\u00a0\u00bb. \u00ab\u00a0Il n&rsquo;aura plus le<br \/>\ndroit de dire certains mots\u00a0\u00bb, a-t-il pr\u00e9cis\u00e9, information confirm\u00e9e<br \/>\npar sa chroniqueuse Shana Loustau.<\/p>\n<p data-start=\"59\" data-end=\"718\">Cette derni\u00e8re a donn\u00e9 quelques<br \/>\nexemples concrets : \u00ab\u00a0<strong>Pendant le d\u00e9fil\u00e9 en maillot de<br \/>\nbain, on ne pourra plus entendre &lsquo;la temp\u00e9rature va monter d&rsquo;un<br \/>\ncran<\/strong>&lsquo;\u00a0\u00bb. Un changement de ton qui refl\u00e8te la volont\u00e9<br \/>\ndu comit\u00e9 de moderniser le concours et de le rendre plus<br \/>\nrespectueux des candidates, en limitant certaines expressions<br \/>\njug\u00e9es trop suggestives.<\/p>\n<p>Miss<br \/>\nFrance entre \u00e9l\u00e9gance et s\u00e9curit\u00e9<\/p>\n<p data-start=\"766\" data-end=\"1849\" data-is-last-node=\"\" data-is-only-node=\"\">Le concours a \u00e9galement revu les r\u00e8gles<br \/>\nconcernant la pr\u00e9sentation des candidates. \u00ab\u00a0Pendant les<br \/>\nportraits des Miss, on ne parle plus des Miss pleines de charme ou<br \/>\nde charme \u00e0 la fran\u00e7aise, on parle d\u2019\u00e9l\u00e9gance et d\u2019assurance\u00a0\u00bb,<br \/>\nexplique Shana Loustau. Selon elle, le comit\u00e9 souhaite d\u00e9sormais<br \/>\n\u00ab\u00a0<strong>moins sexualiser les Miss France<\/strong>\u00ab\u00a0. Par<br \/>\nailleurs, l\u2019organisation prend en compte l\u2019exp\u00e9rience de <a href=\"https:\/\/www.closermag.fr\/people\/apres-miss-france-eve-gilles-a-quitte-paris-pour-la-douceur-du-nord-dans-une-maison-ou-elle-se-sent-enfin-chez-elle-3592202\" target=\"_blank\" rel=\"noopener\"><br \/>\n\u00c8ve Gilles<\/a>, Miss France 2024, qui s\u2019\u00e9tait sentie submerg\u00e9e lors<br \/>\nd\u2019un bain de foule apr\u00e8s son couronnement, montrant l\u2019importance<br \/>\nd\u2019un encadrement plus strict pour les candidates.<\/p>\n<p data-start=\"766\" data-end=\"1849\" data-is-last-node=\"\" data-is-only-node=\"\">\u00ab\u00a0Apr\u00e8s son couronnement, lors d&rsquo;un de ses<br \/>\npremiers d\u00e9placements, il y avait 800 ou 900 personnes, et au bout<br \/>\nd&rsquo;une demi-heure, elle s&rsquo;est crisp\u00e9e parce que les gens la<br \/>\ntouchaient\u00a0\u00bb, racontait Fr\u00e9d\u00e9ric Gilbert au Parisien. Si ces gestes n\u2019\u00e9taient pas<br \/>\nagressifs, la proximit\u00e9 avec tant de personnes simultan\u00e9ment \u00e9tait<br \/>\ndevenue <strong>insoutenable<\/strong>. Pour \u00e9viter que cela ne se<br \/>\nreproduise, une consigne claire a \u00e9t\u00e9 impos\u00e9e : \u00ab\u00a0<strong>Plus<br \/>\npersonne ne touche<\/strong>\u00ab\u00a0. Cette r\u00e9forme marque un tournant<br \/>\npour Miss France, qui cherche d\u00e9sormais \u00e0 concilier glamour et<br \/>\nrespect, tout en assurant la s\u00e9curit\u00e9 et le confort des<br \/>\nparticipantes.<\/p>\n","protected":false},"excerpt":{"rendered":"La nouvelle \u00e9dition du concours de Miss France se d\u00e9roulera le 6 d\u00e9cembre prochain, en direct depuis le&hellip;\n","protected":false},"author":2,"featured_media":531493,"comment_status":"","ping_status":"","sticky":false,"template":"","format":"standard","meta":{"footnotes":""},"categories":[1359],"tags":[58,59,1011,27,9917,3034,973],"class_list":{"0":"post-531492","1":"post","2":"type-post","3":"status-publish","4":"format-standard","5":"has-post-thumbnail","7":"category-people","8":"tag-divertissement","9":"tag-entertainment","10":"tag-fr","11":"tag-france","12":"tag-jean-pierre-foucault","13":"tag-miss-france","14":"tag-people"},"share_on_mastodon":{"url":"https:\/\/pubeurope.com\/@fr\/115542845389022520","error":""},"_links":{"self":[{"href":"https:\/\/www.europesays.com\/fr\/wp-json\/wp\/v2\/posts\/531492","targetHints":{"allow":["GET"]}}],"collection":[{"href":"https:\/\/www.europesays.com\/fr\/wp-json\/wp\/v2\/posts"}],"about":[{"href":"https:\/\/www.europesays.com\/fr\/wp-json\/wp\/v2\/types\/post"}],"author":[{"embeddable":true,"href":"https:\/\/www.europesays.com\/fr\/wp-json\/wp\/v2\/users\/2"}],"replies":[{"embeddable":true,"href":"https:\/\/www.europesays.com\/fr\/wp-json\/wp\/v2\/comments?post=531492"}],"version-history":[{"count":0,"href":"https:\/\/www.europesays.com\/fr\/wp-json\/wp\/v2\/posts\/531492\/revisions"}],"wp:featuredmedia":[{"embeddable":true,"href":"https:\/\/www.europesays.com\/fr\/wp-json\/wp\/v2\/media\/531493"}],"wp:attachment":[{"href":"https:\/\/www.europesays.com\/fr\/wp-json\/wp\/v2\/media?parent=531492"}],"wp:term":[{"taxonomy":"category","embeddable":true,"href":"https:\/\/www.europesays.com\/fr\/wp-json\/wp\/v2\/categories?post=531492"},{"taxonomy":"post_tag","embeddable":true,"href":"https:\/\/www.europesays.com\/fr\/wp-json\/wp\/v2\/tags?post=531492"}],"curies":[{"name":"wp","href":"https:\/\/api.w.org\/{rel}","templated":true}]}}