{"id":531494,"date":"2025-11-13T14:24:35","date_gmt":"2025-11-13T14:24:35","guid":{"rendered":"https:\/\/www.europesays.com\/fr\/531494\/"},"modified":"2025-11-13T14:24:35","modified_gmt":"2025-11-13T14:24:35","slug":"sainte-sigolene-lucas-martinet-propose-la-communication-papier-et-digitale-avec-lumart-3","status":"publish","type":"post","link":"https:\/\/www.europesays.com\/fr\/531494\/","title":{"rendered":"Sainte-Sigol\u00e8ne : Lucas Martinet propose la communication papier et digitale avec Lumart"},"content":{"rendered":"<p><strong>Lucas Martinet, originaire de Sainte-Sigol\u00e8ne, a cr\u00e9\u00e9 en octobre son entreprise sp\u00e9cialis\u00e9e dans la communication.\u00a0<\/strong><\/p>\n<p>Le jeune Sigol\u00e9nois de 22 ans r\u00e9alise des cr\u00e9ations graphiques : affiches, flyers, d\u00e9pliants, visuels pour goodies, etc.<\/p>\n<p>Il con\u00e7oit \u00e9galement des logos et mascottes pour les entreprises, et propose des services de tournage et montage vid\u00e9o (r\u00e9seaux sociaux, interviews, vid\u00e9os promotionnelles, \u00e9v\u00e9nements&#8230;).<\/p>\n<p>\u00ab\u00a0Je m&rsquo;occupe aussi de la communication globale, qu&rsquo;elle soit digitale (r\u00e9seaux sociaux, sites web) ou physique (supports imprim\u00e9s, affichage).\u00a0\u00bb<\/p>\n<p>C\u00f4t\u00e9 formation, Lucas Martinet a obtenu un bac pro en communication visuelle \u00e0 Saint-\u00c9tienne, suivi de deux ans de bachelor designer en communication graphique \u00e9co-responsable, \u00e9galement \u00e0 Saint-\u00c9tienne.<\/p>\n<p><strong>Infos pratiques<\/strong><\/p>\n<p>T\u00e9l\u00e9phone :\u00a007 85 59 94 76<\/p>\n<p>Mail :\u00a0<a href=\"https:\/\/www.lacommere43.fr\/monistrol-et-environs\/item\/78115-sainte-sigolene-lucas-martinet-propose-la-communication-papier-et-digitale-avec-lumart.html\/mailto:l.m.lumart43@gmail.com\" target=\"_blank\" rel=\"noopener\">l.m.lumart43@gmail.com<\/a><\/p>\n<p>Site internet :\u00a0<a href=\"https:\/\/lmlumart43.wixsite.com\/lumart\" target=\"_blank\" rel=\"noopener\">https:\/\/lmlumart43.wixsite.com\/lumart<\/a>\u00a0<\/p>\n","protected":false},"excerpt":{"rendered":"Lucas Martinet, originaire de Sainte-Sigol\u00e8ne, a cr\u00e9\u00e9 en octobre son entreprise sp\u00e9cialis\u00e9e dans la communication.\u00a0 Le jeune Sigol\u00e9nois&hellip;\n","protected":false},"author":2,"featured_media":529477,"comment_status":"","ping_status":"","sticky":false,"template":"","format":"standard","meta":{"footnotes":""},"categories":[1358],"tags":[2281,1348,1384,1385,1386,58,59,2282,1011,27,2280,2284,2285,2283],"class_list":{"0":"post-531494","1":"post","2":"type-post","3":"status-publish","4":"format-standard","5":"has-post-thumbnail","7":"category-arts-et-design","8":"tag-actualite-43","9":"tag-arts","10":"tag-arts-and-design","11":"tag-arts-et-design","12":"tag-design","13":"tag-divertissement","14":"tag-entertainment","15":"tag-faits-divers-auvergne","16":"tag-fr","17":"tag-france","18":"tag-information-haute-loire","19":"tag-infos-43","20":"tag-journal-haute-loire","21":"tag-la-commere-43"},"share_on_mastodon":{"url":"https:\/\/pubeurope.com\/@fr\/115542849255734786","error":""},"_links":{"self":[{"href":"https:\/\/www.europesays.com\/fr\/wp-json\/wp\/v2\/posts\/531494","targetHints":{"allow":["GET"]}}],"collection":[{"href":"https:\/\/www.europesays.com\/fr\/wp-json\/wp\/v2\/posts"}],"about":[{"href":"https:\/\/www.europesays.com\/fr\/wp-json\/wp\/v2\/types\/post"}],"author":[{"embeddable":true,"href":"https:\/\/www.europesays.com\/fr\/wp-json\/wp\/v2\/users\/2"}],"replies":[{"embeddable":true,"href":"https:\/\/www.europesays.com\/fr\/wp-json\/wp\/v2\/comments?post=531494"}],"version-history":[{"count":0,"href":"https:\/\/www.europesays.com\/fr\/wp-json\/wp\/v2\/posts\/531494\/revisions"}],"wp:featuredmedia":[{"embeddable":true,"href":"https:\/\/www.europesays.com\/fr\/wp-json\/wp\/v2\/media\/529477"}],"wp:attachment":[{"href":"https:\/\/www.europesays.com\/fr\/wp-json\/wp\/v2\/media?parent=531494"}],"wp:term":[{"taxonomy":"category","embeddable":true,"href":"https:\/\/www.europesays.com\/fr\/wp-json\/wp\/v2\/categories?post=531494"},{"taxonomy":"post_tag","embeddable":true,"href":"https:\/\/www.europesays.com\/fr\/wp-json\/wp\/v2\/tags?post=531494"}],"curies":[{"name":"wp","href":"https:\/\/api.w.org\/{rel}","templated":true}]}}