{"id":531497,"date":"2025-11-13T14:27:15","date_gmt":"2025-11-13T14:27:15","guid":{"rendered":"https:\/\/www.europesays.com\/fr\/531497\/"},"modified":"2025-11-13T14:27:15","modified_gmt":"2025-11-13T14:27:15","slug":"foule-sentimentale-ecoutez-alain-souchon-chanter-son-tube-en-version-acoustique-avec-ses-fils","status":"publish","type":"post","link":"https:\/\/www.europesays.com\/fr\/531497\/","title":{"rendered":"\u00ab\u00a0Foule sentimentale\u00a0\u00bb : \u00e9coutez Alain Souchon chanter son tube en version acoustique avec ses fils"},"content":{"rendered":"<ul class=\"jsx-862013697 ArticleChapo__List\">\n<li class=\"jsx-862013697 ArticleChapo__List_Item flex\">Alain Souchon sort ce vendredi 14 novembre \u00ab\u00a0Studio Saint-Germain\u00a0\u00bb, un album dans lequel il revisite l&rsquo;ensemble de son r\u00e9pertoire en version acoustique avec ses fils.<\/li>\n<li class=\"jsx-862013697 ArticleChapo__List_Item flex\">Tous trois en ont donn\u00e9 un avant-go\u00fbt dans le JT de 13H de Marie-Sophie Lacarrau ce jeudi.<\/li>\n<li class=\"jsx-862013697 ArticleChapo__List_Item flex\">D\u00e9couvrez ici, 22 ans apr\u00e8s sa sortie et en exclusivit\u00e9 pour TF1info, leur interpr\u00e9tation \u00e0 la guitare de \u00ab\u00a0Foule sentimentale\u00a0\u00bb.<\/li>\n<\/ul>\n<p data-module=\"article-paragraph\" class=\"jsx-3046738180 Paragraph Paragraph__End\">\u00c0 l&rsquo;occasion de la sortie de son nouvel album, qui vient immortaliser la tourn\u00e9e dans laquelle il s&rsquo;est lanc\u00e9 en mai 2024 avec ses deux fils, Alain Souchon a accept\u00e9 de se pr\u00eater \u00e0 leurs c\u00f4t\u00e9s \u00e0 un jeu pour le JT de TF1 : \u00a0piocher des petits papiers pour raconter et jouer en acoustique quelques-uns des plus grands succ\u00e8s qu&rsquo;ils reprennent dans \u00ab\u00a0Studio Saint-Germain\u00a0\u00bb. Le trio familial interpr\u00e8te ainsi face \u00e0 notre cam\u00e9ra (voir le reportage ci-dessous) \u00ab\u00a0L\u2019Amour \u00e0 la machine\u00a0\u00bb, \u00ab\u00a0J&rsquo;ai dix ans\u00a0\u00bb ou encore \u00ab\u00a0Foule sentimentale\u00a0\u00bb.\u00a0<\/p>\n<p>Alain Souchon \u00e0 plein tubesSource : TF1 Info<\/p>\n<p><img decoding=\"async\" src=\"https:\/\/www.europesays.com\/fr\/wp-content\/uploads\/2025\/11\/alain-souchon-a-plein-tubes-9e94d3-0@1x.jpeg\" alt=\"Alain Souchon \u00e0 plein tubes\" loading=\"lazy\" importance=\"low\" fetchpriority=\"low\" class=\"\"\/><img decoding=\"async\" src=\"https:\/\/www.tf1info.fr\/images\/icons\/player-logo-play.svg\" alt=\"Logo lecture\" class=\"jsx-d0de44c05fe3042c PlayerLazyload__Play\"\/><\/p>\n<p data-module=\"article-paragraph\" class=\"jsx-3046738180 Paragraph Paragraph__End\">Ce dernier tube, sorti en 1993, nous vous proposons de l&rsquo;\u00e9couter en version longue dans la vid\u00e9o en t\u00eate de cet article. \u00ab\u00a0C\u2019est une petite vision de la soci\u00e9t\u00e9 comme \u00e7a, par un bout de la lorgnette\u00a0\u00bb, lance Alain Souchon, 81 ans, avant de la chanter, accompagn\u00e9 \u00e0 la guitare par ses fils Pierre et Charles (dit \u00ab\u00a0Ours\u00a0\u00bb). Une petite vision qui a tout de m\u00eame permis \u00e0 l&rsquo;album C&rsquo;est d\u00e9j\u00e0 \u00e7a dont elle est extraite de se vendre \u00e0 plus d&rsquo;un million d&rsquo;exemplaires, et qui reste \u00ab\u00a0tr\u00e8s actuelle\u00a0\u00bb, comme le souligne Ours face \u00e0 notre cam\u00e9ra.<\/p>\n<p><a href=\"https:\/\/www.tf1info.fr\/culture\/exclusif-tf1info-video-alain-souchon-et-ses-fils-interpretent-s-asseoir-par-terre-en-version-acoustique-2405991.html\" rel=\"noopener\" class=\"jsx-3308031228 Link flex\" target=\"_blank\"><img decoding=\"async\" src=\"https:\/\/www.europesays.com\/fr\/wp-content\/uploads\/2025\/11\/souchon-pere-et-fils-b1b540-0@1x.jpeg\" alt=\"Alain Souchon (au centre) accompagn\u00e9 de Pierre (\u00e0 droite) et Charles (Dit &quot;Ours&quot;). \" loading=\"lazy\" importance=\"low\" fetchpriority=\"low\" class=\"\" aria-hidden=\"true\"\/><\/p>\n<p class=\"jsx-3657663356 ReadMoreArticle__Title\">Lire aussi<\/p>\n<p class=\"jsx-3657663356\">EXCLUSIF TF1info &#8211; Alain Souchon et ses fils interpr\u00e8tent \u00ab\u00a0S&rsquo;asseoir par terre\u00a0\u00bb en version acoustique <\/p>\n<p><\/a><\/p>\n<p data-module=\"article-paragraph\" class=\"jsx-3046738180 Paragraph Paragraph__End\">Le trio familial a aussi accept\u00e9 de livrer en exclusivit\u00e9 pour TF1info une prestation intime de \u00ab\u00a0S&rsquo;asseoir par terre\u00a0\u00bb, chanson sortie en 1976 dans l&rsquo;album Bidon (voir le lien ci-dessus). Une version interpr\u00e9t\u00e9e avec toute l&rsquo;\u00e9motion et la l\u00e9g\u00e8ret\u00e9 qui caract\u00e9risent Alain Souchon.<\/p>\n<p>La r\u00e9daction de TF1info | Vid\u00e9o TF1 Julien ROUX, Thomas GATHY et Lou-Marie DEPREZ<\/p>\n","protected":false},"excerpt":{"rendered":"Alain Souchon sort ce vendredi 14 novembre \u00ab\u00a0Studio Saint-Germain\u00a0\u00bb, un album dans lequel il revisite l&rsquo;ensemble de son&hellip;\n","protected":false},"author":2,"featured_media":531498,"comment_status":"","ping_status":"","sticky":false,"template":"","format":"standard","meta":{"footnotes":""},"categories":[1355],"tags":[1111,11,1921,58,59,1011,27,1922,19428,2041,1361,873,133,2040],"class_list":{"0":"post-531497","1":"post","2":"type-post","3":"status-publish","4":"format-standard","5":"has-post-thumbnail","7":"category-musique","8":"tag-actu","9":"tag-actualites","10":"tag-article-video","11":"tag-divertissement","12":"tag-entertainment","13":"tag-fr","14":"tag-france","15":"tag-info","16":"tag-marie-sophie-lacarrau","17":"tag-medias-et-divertissement","18":"tag-music","19":"tag-musique","20":"tag-video","21":"tag-video-culture"},"share_on_mastodon":{"url":"https:\/\/pubeurope.com\/@fr\/115542861713282209","error":""},"_links":{"self":[{"href":"https:\/\/www.europesays.com\/fr\/wp-json\/wp\/v2\/posts\/531497","targetHints":{"allow":["GET"]}}],"collection":[{"href":"https:\/\/www.europesays.com\/fr\/wp-json\/wp\/v2\/posts"}],"about":[{"href":"https:\/\/www.europesays.com\/fr\/wp-json\/wp\/v2\/types\/post"}],"author":[{"embeddable":true,"href":"https:\/\/www.europesays.com\/fr\/wp-json\/wp\/v2\/users\/2"}],"replies":[{"embeddable":true,"href":"https:\/\/www.europesays.com\/fr\/wp-json\/wp\/v2\/comments?post=531497"}],"version-history":[{"count":0,"href":"https:\/\/www.europesays.com\/fr\/wp-json\/wp\/v2\/posts\/531497\/revisions"}],"wp:featuredmedia":[{"embeddable":true,"href":"https:\/\/www.europesays.com\/fr\/wp-json\/wp\/v2\/media\/531498"}],"wp:attachment":[{"href":"https:\/\/www.europesays.com\/fr\/wp-json\/wp\/v2\/media?parent=531497"}],"wp:term":[{"taxonomy":"category","embeddable":true,"href":"https:\/\/www.europesays.com\/fr\/wp-json\/wp\/v2\/categories?post=531497"},{"taxonomy":"post_tag","embeddable":true,"href":"https:\/\/www.europesays.com\/fr\/wp-json\/wp\/v2\/tags?post=531497"}],"curies":[{"name":"wp","href":"https:\/\/api.w.org\/{rel}","templated":true}]}}