{"id":531499,"date":"2025-11-13T14:28:14","date_gmt":"2025-11-13T14:28:14","guid":{"rendered":"https:\/\/www.europesays.com\/fr\/531499\/"},"modified":"2025-11-13T14:28:14","modified_gmt":"2025-11-13T14:28:14","slug":"avatar-3-sera-le-film-le-plus-long-de-la-saga-et-aussi-de-la-carriere-de-james-cameron","status":"publish","type":"post","link":"https:\/\/www.europesays.com\/fr\/531499\/","title":{"rendered":"Avatar 3 sera le film le plus long de la saga et aussi de la carri\u00e8re de James Cameron"},"content":{"rendered":"<p><strong>Avatar 3 alias <a href=\"https:\/\/www.ecranlarge.com\/films\/985857-avatar-3\" data-type=\"films\" data-id=\"685986\" rel=\"nofollow noopener\" target=\"_blank\">Avatar : De feu et de cendres<\/a> sera le film le plus long de la saga (pour pas grand-chose) et aussi de la carri\u00e8re de <a href=\"https:\/\/www.ecranlarge.com\/personnalite\/652848-james-cameron-i\" data-type=\"people\" data-id=\"304972\" rel=\"nofollow noopener\" target=\"_blank\">James Cameron<\/a>.<\/strong><\/p>\n<p>En avril 2024, Talker Search a r\u00e9alis\u00e9 une \u00e9tude sur la dur\u00e9e des films en interrogeant 2000 Am\u00e9ricains. R\u00e9sultat : la dur\u00e9e id\u00e9ale \u00e9tait de 1h32 selon eux, avec seulement 2% estimant qu\u2019un film devait durer plus de 2h30 et seulement 15% souhaitant vraiment regarder un film de plus de 2h. Une r\u00e9ponse tr\u00e8s diff\u00e9rente \u00e9tait toutefois ressortie d\u2019une \u00e9tude de YouGov en septembre 2024 (centr\u00e9 sur 17 pays diff\u00e9rents) : 71% des personnes interrog\u00e9es estimaient que la dur\u00e9e id\u00e9ale se situait entre 2h et 3h.<\/p>\n<p>Autant dire que personne n\u2019est d\u2019accord sur la dur\u00e9e id\u00e9ale d\u2019un film. En 2025, les grands studios ont d\u2019ailleurs jongl\u00e9 entre les blockbusters assez courts d\u2019environ 1h40-1h50 (<strong>Minecraft, le film<\/strong>, <strong>Predator : Badlands<\/strong>, <strong>Les 4 Fantastiques : Premiers pas<\/strong>), autour des 2h-2h10 (<strong>Captain America 4<\/strong>, <strong>Thunderbolts*<\/strong>, <strong>Superman<\/strong>, <strong>Jurassic World : Renaissance<\/strong>, <strong>Tron : Ares<\/strong>) ou d\u00e9passant les 2h30 (<strong>F1<\/strong>, <strong>Mission Impossible : The Final Reckoning<\/strong>, <strong>Une bataille apr\u00e8s l\u2019autre<\/strong>).<\/p>\n<p>M\u00eame si la longueur joue sans doute sur l\u2019int\u00e9r\u00eat des spectateurs, Hollywood n\u2019a donc pas de formule magique pour attirer le public. Et c\u2019est probablement la raison pour laquelle <strong>Avatar : De feu et de cendres jouera sa propre carte, bien au-dessus des 3h.<\/strong><\/p>\n<p>                    <img decoding=\"async\" alt=\"\" class=\"wp-image-518375\" style=\"object-fit:cover;width:25px;height:25px\" src=\"https:\/\/www.ecranlarge.com\/content\/uploads\/2023\/09\/arrow-right-circle.svg\"\/><\/p>\n<p>avatarpin long<\/p>\n<p>On savait que le film serait long et proche de la dur\u00e9e du deuxi\u00e8me volet, <strong>Avatar : La voie de l\u2019eau<\/strong>. James Cameron l\u2019avait confirm\u00e9 en interview, expliquant que le troisi\u00e8me opus des aventures Na\u2019Vis se d\u00e9roulerait sur 3h minimum. Selon les donn\u00e9es d\u2019AMC (l\u2019une des plus grandes cha\u00eenes de cin\u00e9ma des \u00c9tats-Unis), <strong>on sait d\u00e9sormais que Avatar : De feu et de cendres durera 3h15<\/strong>, soit une dur\u00e9e l\u00e9g\u00e8rement plus longue qu\u2019<strong><a href=\"https:\/\/www.ecranlarge.com\/films\/864496-avatar-2\" data-type=\"films\" data-id=\"679711\" rel=\"nofollow noopener\" target=\"_blank\">Avatar 2<\/a> <\/strong>et ses 3h12. Le premier <strong><a href=\"https:\/\/www.ecranlarge.com\/films\/840928-avatar\" data-type=\"films\" data-id=\"656342\" rel=\"nofollow noopener\" target=\"_blank\">Avatar<\/a><\/strong>, lui, affichait une dur\u00e9e de 2h42 (avec une version sp\u00e9ciale atteignant les 2h51).<\/p>\n<p>Avec 3h15 au compteur, <strong>Avatar 3 deviendrait donc le film le plus long de la carri\u00e8re de James Cameron<\/strong>, juste devant <strong>Titanic <\/strong>et ses 3h14. Avec une longueur aussi massive, ce troisi\u00e8me volet promet dense et tr\u00e8s \u00e9pique. Les diff\u00e9rentes <a href=\"https:\/\/www.ecranlarge.com\/films\/news\/avatar-3-bande-annonce-epique-feu-et-cendres\" data-type=\"link\" data-id=\"https:\/\/www.ecranlarge.com\/films\/news\/avatar-3-bande-annonce-epique-feu-et-cendres\" rel=\"nofollow noopener\" target=\"_blank\">bandes-annonces d\u2019<strong>Avatar 3<\/strong><\/a> ont en effet promis un spectacle imposant, entre les batailles et la d\u00e9couverte de nouveaux territoires, ainsi qu\u2019un drame familial de plus en plus tragique avec l\u2019\u00e9volution des personnages, voire la mort probable de certains d\u2019entre eux.<\/p>\n<p><a href=\"https:\/\/www.ecranlarge.com\/content\/uploads\/2025\/11\/afa-tp-88863.jpg\" rel=\"nofollow noopener\" target=\"_blank\"><\/p>\n<p><img loading=\"lazy\" decoding=\"async\" alt=\"Avatar : De feu et de cendres\" src=\"https:\/\/www.europesays.com\/fr\/wp-content\/uploads\/2025\/11\/afa-tp-88863-1260x528.jpg\" width=\"1260\" height=\"528\"  \/><\/p>\n<p><\/a>L\u2019heure de mettre le feu au cinoche<\/p>\n<p>Ce troisi\u00e8me volet marquera en tout cas un cap dans la saga. James Cameron a expliqu\u00e9 qu\u2019<strong>Avatar : De feu et de cendres marquera \u00ab\u00a0la fin d\u2019un arc narratif pour la famille Sully\u00a0\u00bb<\/strong> et qu\u2019il y aura \u00ab\u00a0un v\u00e9ritable sentiment d\u2019aboutissement\u00a0\u00bb \u00e0 la fin du film. S\u2019il est impossible de dire si le cin\u00e9aste joue avec nous ou non \u00e0 ce stade (on n\u2019a pas vu le film), cet aveu donne une bonne id\u00e9e de ses intentions, lui qui reste malgr\u00e9 tout pieds et poings li\u00e9s \u00e0 Disney.<\/p>\n<p>                    <img decoding=\"async\" alt=\"\" class=\"wp-image-518375\" style=\"object-fit:cover;width:25px;height:25px\" src=\"https:\/\/www.ecranlarge.com\/content\/uploads\/2023\/09\/arrow-right-circle.svg\"\/><\/p>\n<p>Normalement, les deux films <strong>Avatar 4 et Avatar 5 sont pr\u00e9vus pour 2029 et 2031, soit une petite \u00e9ternit\u00e9<\/strong>. Ils seront cens\u00e9s ouvrir un tout nouvel arc pour la franchise, selon James Cameron lui-m\u00eame (encore). Toutefois, Disney pourrait tr\u00e8s bien stopper net la progression de l\u2019univers si <strong>Avatar : De feu et de cendres <\/strong>fait un bide au box-office ou, pour le moins, n\u2019atteint pas les objectifs fix\u00e9s par le studio (\u00e0 savoir, 2 milliards minimum a priori).<\/p>\n<p>Pour rappel, <strong>Avatar <\/strong>avait engrang\u00e9 2,9 milliards de dollars au box-office mondial (pour 237 millions de budget) et <strong>Avatar : La Voie de l\u2019eau <\/strong>totalisait 2,3 milliards de dollars (pour 350 de budget). Avec un budget estim\u00e9 de 250 millions, <strong>Avatar 3 <\/strong>devra donc frapper fort pour esp\u00e9rer faire perdurer Pandora. On croise les doigts pour que le public soit au rendez-vous\u2026 malgr\u00e9 sa dur\u00e9e. <strong>Verdict d\u00e8s le 17 d\u00e9cembre 2025 en France.<\/strong><\/p>\n","protected":false},"excerpt":{"rendered":"Avatar 3 alias Avatar : De feu et de cendres sera le film le plus long de la&hellip;\n","protected":false},"author":2,"featured_media":531500,"comment_status":"","ping_status":"","sticky":false,"template":"","format":"standard","meta":{"footnotes":""},"categories":[1354],"tags":[58,59,1346,1011,27,1360],"class_list":{"0":"post-531499","1":"post","2":"type-post","3":"status-publish","4":"format-standard","5":"has-post-thumbnail","7":"category-films","8":"tag-divertissement","9":"tag-entertainment","10":"tag-films","11":"tag-fr","12":"tag-france","13":"tag-movies"},"share_on_mastodon":{"url":"https:\/\/pubeurope.com\/@fr\/115542867350689200","error":""},"_links":{"self":[{"href":"https:\/\/www.europesays.com\/fr\/wp-json\/wp\/v2\/posts\/531499","targetHints":{"allow":["GET"]}}],"collection":[{"href":"https:\/\/www.europesays.com\/fr\/wp-json\/wp\/v2\/posts"}],"about":[{"href":"https:\/\/www.europesays.com\/fr\/wp-json\/wp\/v2\/types\/post"}],"author":[{"embeddable":true,"href":"https:\/\/www.europesays.com\/fr\/wp-json\/wp\/v2\/users\/2"}],"replies":[{"embeddable":true,"href":"https:\/\/www.europesays.com\/fr\/wp-json\/wp\/v2\/comments?post=531499"}],"version-history":[{"count":0,"href":"https:\/\/www.europesays.com\/fr\/wp-json\/wp\/v2\/posts\/531499\/revisions"}],"wp:featuredmedia":[{"embeddable":true,"href":"https:\/\/www.europesays.com\/fr\/wp-json\/wp\/v2\/media\/531500"}],"wp:attachment":[{"href":"https:\/\/www.europesays.com\/fr\/wp-json\/wp\/v2\/media?parent=531499"}],"wp:term":[{"taxonomy":"category","embeddable":true,"href":"https:\/\/www.europesays.com\/fr\/wp-json\/wp\/v2\/categories?post=531499"},{"taxonomy":"post_tag","embeddable":true,"href":"https:\/\/www.europesays.com\/fr\/wp-json\/wp\/v2\/tags?post=531499"}],"curies":[{"name":"wp","href":"https:\/\/api.w.org\/{rel}","templated":true}]}}